{"id":6781,"date":"2026-01-20T10:35:09","date_gmt":"2026-01-20T10:35:09","guid":{"rendered":"https:\/\/farmoderm.it\/la-soledad-del-cuidador-como-afrontar-el-aislamiento-emocional-y-social\/"},"modified":"2026-01-20T10:35:09","modified_gmt":"2026-01-20T10:35:09","slug":"la-soledad-del-cuidador-como-afrontar-el-aislamiento-emocional-y-social","status":"publish","type":"post","link":"https:\/\/farmoderm.it\/es\/la-soledad-del-cuidador-como-afrontar-el-aislamiento-emocional-y-social\/","title":{"rendered":"La soledad del cuidador: c\u00f3mo afrontar el aislamiento emocional y social"},"content":{"rendered":"<div class=\"source-inline-chip-container ng-star-inserted\">\n<p>Ser cuidador significa dedicar tiempo, energ\u00eda y amor a un ser querido que necesita cuidados. Sin embargo, este importante papel puede provocar un efecto secundario a menudo subestimado: la soledad. Los cuidadores de un familiar enfermo o anciano a menudo tienen que sacrificar su vida social, su tiempo de ocio y, a veces, incluso su propio bienestar emocional. Esta situaci\u00f3n puede convertirse en una aut\u00e9ntica prisi\u00f3n silenciosa, en la que el cuidador se siente cada vez m\u00e1s solo e incomprendido.   <\/p>\n<p>Pero la soledad no es una condici\u00f3n irreversible. Hay distintas formas de afrontarla, redescubriendo el placer de estar junto a los dem\u00e1s y redescubriendo aut\u00e9nticos momentos de compartir. <\/p>\n<\/div>\n<div><\/div>\n<h2>\u00cdndice:<\/h2>\n<ol>\n<li style=\"list-style-type: none;\">\n<ol>\n<li><a href=\"#s-1\">\u00bfPor qu\u00e9 se sienten solos los cuidadores?<\/a><\/li>\n<li><a href=\"#s-2\">Las consecuencias de la soledad en el bienestar del cuidador<\/a><\/li>\n<li><a href=\"#s-3\">\u00bfC\u00f3mo afrontar la soledad?<\/a><\/li>\n<li><a href=\"#s-4\">La soledad del cuidador no tiene por qu\u00e9 ser una condena<\/a><\/li>\n<\/ol>\n<\/li>\n<\/ol>\n<h2><\/h2>\n<h2 id=\"s-1\">\u00bfPor qu\u00e9 se sienten solos los cuidadores?<\/h2>\n<p>La soledad emocional que afecta a muchos cuidadores no surge por casualidad, sino que suele ser el resultado de varias din\u00e1micas entrelazadas. He aqu\u00ed algunas de las razones m\u00e1s comunes que pueden alimentar esta sensaci\u00f3n de aislamiento: <\/p>\n<h3>1. Falta de tiempo para uno mismo<\/h3>\n<p>Cuidar significa dar tiempo, energ\u00eda y coraz\u00f3n cada d\u00eda. Es un profundo gesto de amor, pero a menudo requiere una presencia constante que deja poco espacio para uno mismo. Los d\u00edas est\u00e1n llenos de compromisos, responsabilidades y esa sensaci\u00f3n de tener que estar siempre disponible, lo que dificulta mantener vivas las relaciones y encontrar momentos de ligereza.  <\/p>\n<h3>2. Aislamiento social<\/h3>\n<p>Para muchos cuidadores, el mundo parece encogerse d\u00eda a d\u00eda: las salidas son cada vez menos frecuentes, los encuentros con amigos se hacen m\u00e1s raros y las oportunidades de asistir a actos sociales casi desaparecen. Este aislamiento se arrastra silenciosamente, distanci\u00e1ndoles de aquellas relaciones que una vez llenaron sus vidas de calidez y normalidad. <\/p>\n<h3>3. La sensaci\u00f3n de incomprensi\u00f3n<\/h3>\n<p>Incluso cuando se presenta la oportunidad de interactuar con otras personas, el cuidador suele sentirse fuera de lugar, casi invisible. A quienes nunca han vivido esta experiencia les cuesta entender los retos diarios, la profunda fatiga y la carga emocional que conlleva. Esta distancia a veces crea una brecha con los amigos y la familia, haciendo que el sentimiento de soledad aumente a\u00fan m\u00e1s.  <\/p>\n<h3>4. La p\u00e9rdida de la identidad personal<\/h3>\n<p>Ser cuidador puede llegar a ser tan adictivo y abarcador que uno pierde de vista qui\u00e9n era antes. Los intereses, las pasiones y los sue\u00f1os que antes daban energ\u00eda y alegr\u00eda se dejan de lado, abrumados por las responsabilidades diarias y la necesidad de estar siempre ah\u00ed para los que necesitan ayuda. Poco a poco, lo que nos hac\u00eda \u00fanicos parece desvanecerse, dejando una sensaci\u00f3n de vac\u00edo interior que alimenta la soledad y hace que uno se sienta distante incluso de s\u00ed mismo.  <\/p>\n<h2><\/h2>\n<h2 id=\"s-2\">Las consecuencias de la soledad en el bienestar del cuidador<\/h2>\n<p>La soledad emocional que experimentan quienes cuidan de un familiar enfermo o anciano es una condici\u00f3n compleja, que va m\u00e1s all\u00e1 de la simple falta de compa\u00f1\u00eda. Es esa sensaci\u00f3n de aislamiento interior que uno siente incluso cuando est\u00e1 rodeado de otras personas, porque lo que uno experimenta a diario es dif\u00edcil de explicar y, a menudo, dif\u00edcil de entender para quienes no comparten la misma experiencia. <\/p>\n<p>Esta soledad no es s\u00f3lo una carga emocional, sino que puede tener consecuencias reales en la salud mental y f\u00edsica:<\/p>\n<ul>\n<li><strong>Sobrecarga emocional y estr\u00e9s persistente<\/strong>: cuidar a alguien de forma continuada significa lidiar con emociones intensas y a veces contradictorias. La responsabilidad constante, el miedo a cometer errores y la falta de momentos de ligereza generan un estr\u00e9s que, sin el apoyo adecuado, resulta dif\u00edcil de gestionar. <\/li>\n<li><strong>Sensaci\u00f3n de incomprensi\u00f3n y aislamiento relacional<\/strong>: a quienes no experimentan esta realidad les cuesta entender lo f\u00edsica y emocionalmente exigente que puede llegar a ser. Incluso durante las conversaciones con amigos o familiares, se tiene la sensaci\u00f3n de hablar un idioma diferente, lo que aumenta la distancia con las relaciones que antes eran fuente de consuelo. <\/li>\n<li><strong>Riesgo de depresi\u00f3n y p\u00e9rdida de uno mismo<\/strong>: dedicar toda la energ\u00eda a cuidar de otra persona puede llevar a descuidar las propias necesidades y deseos. Con el tiempo, esta renuncia constante puede dar lugar a una sensaci\u00f3n de vac\u00edo interior, tristeza persistente y p\u00e9rdida de motivaci\u00f3n hacia lo que antes daba alegr\u00eda. <\/li>\n<li><strong>Impacto en la salud f\u00edsica<\/strong>: la carga emocional de cuidar, combinada con la sensaci\u00f3n de soledad, puede afectar negativamente al cuerpo. Trastornos como dolores de cabeza, tensi\u00f3n muscular y un sistema inmunitario debilitado son signos comunes de que la carga es demasiado pesada para soportarla. <\/li>\n<li><strong>Dificultades para encontrar alivio y descanso<\/strong>: la mente del cuidador suele estar ocupada por pensamientos de organizaci\u00f3n, gesti\u00f3n diaria y preocupaciones por su ser querido. Incluso los momentos de respiro no aportan el alivio esperado, con consecuencias negativas sobre la calidad del sue\u00f1o y la capacidad de recuperar la energ\u00eda. <\/li>\n<\/ul>\n<p>Esta soledad emocional no es una debilidad, sino una reacci\u00f3n humana a una tarea compleja y cargada de responsabilidades. Es importante reconocerla y, cuando sea posible, pedir ayuda: incluso quienes cuidan de otros necesitan sentirse comprendidos, apoyados y acogidos. <\/p>\n<h2><\/h2>\n<h2 id=\"s-3\">\u00bfC\u00f3mo afrontar la soledad?<\/h2>\n<p>Reconocer que te sientes solo es el primer paso para aligerar esa carga que parece demasiado grande para soportarla. La soledad, especialmente la emocional, no es una condici\u00f3n inevitable: incluso quienes cuidan de otros merecen sentirse comprendidos y menos aislados. Buscar apoyo, compartir las propias emociones y permitirse peque\u00f1os momentos de respiro pueden marcar una gran diferencia. No es ego\u00edsmo, sino un acto de autocuidado, necesario para seguir cuidando de los dem\u00e1s con serenidad.   <\/p>\n<h3>1. Pedir ayuda sin sentirse culpable<\/h3>\n<p>Aceptar que no puedes hacerlo todo t\u00fa solo no es una derrota, sino un gesto de amor y conciencia. Concederse el derecho a pedir ayuda, ya sea a un familiar, a un profesional o a una estructura de apoyo, significa reconocer los propios l\u00edmites con amabilidad. Aligerar la carga no s\u00f3lo hace que los cuidados sean m\u00e1s sostenibles, sino que tambi\u00e9n permite reservarse esos peque\u00f1os momentos necesarios para mantener el equilibrio y la serenidad.  <\/p>\n<h3>2. Mantener vivas las relaciones sociales<\/h3>\n<p>Incluso cuando el tiempo parece nunca suficiente, encontrar un momento para cultivar las relaciones es un gesto que puede marcar la diferencia. Un mensaje, una llamada telef\u00f3nica o una breve videollamada son peque\u00f1os gestos que mantienen vivos los v\u00ednculos y dan esa sensaci\u00f3n de cercan\u00eda que ayuda a sentirse menos solo, incluso en los d\u00edas m\u00e1s dif\u00edciles. <\/p>\n<h3>3. Encontrar grupos de apoyo<\/h3>\n<p>Compartir emociones con quienes pasan por la misma experiencia puede marcar una verdadera diferencia. Los grupos de apoyo, tanto presenciales como en l\u00ednea, ofrecen un espacio seguro donde los cuidadores pueden contar sus historias sin miedo a ser juzgados, intercambiar consejos y encontrar consuelo en una comprensi\u00f3n mutua que alivia la soledad y tranquiliza el coraz\u00f3n. <\/p>\n<h3>4. Ganarse un espacio para uno mismo<\/h3>\n<p>Incluso unos minutos al d\u00eda dedicados a uno mismo pueden marcar una gran diferencia. Leer unas p\u00e1ginas de un libro, escuchar una canci\u00f3n querida o dar un peque\u00f1o paseo son peque\u00f1os gestos que ayudan a redescubrir la propia identidad m\u00e1s all\u00e1 del papel de cuidador, rompiendo esa sensaci\u00f3n de soledad y dando a la mente y al coraz\u00f3n un momento para respirar. <\/p>\n<h3>5. Considerar el apoyo psicol\u00f3gico<\/h3>\n<p>Cuando la soledad se vuelve abrumadora, buscar ayuda de un profesional puede ser un paso importante y valioso. Un psic\u00f3logo o una persona con experiencia en el apoyo a cuidadores puede ofrecer un espacio de escucha seguro y herramientas \u00fatiles para comprender, gestionar las emociones y recuperar el equilibrio, permitiendo afrontar los retos cotidianos con m\u00e1s serenidad. <\/p>\n<h2><\/h2>\n<h2 id=\"s-4\">La soledad del cuidador no tiene por qu\u00e9 ser una condena<\/h2>\n<p>Ser cuidador es un acto de profundo amor, pero esto no significa tener que situarse siempre en un segundo plano. La soledad emocional no es una condici\u00f3n inevitable: hay formas de afrontarla, redescubriendo el valor de las relaciones, de compartir y del apoyo mutuo. <\/p>\n<p>Si te sientes sola, recuerda que en realidad no lo est\u00e1s. Habla con alguien, pide ayuda sin miedo ni verg\u00fcenza, y conc\u00e9dete tambi\u00e9n el derecho a cuidar de ti mismo. Tu bienestar es tan importante como el de la persona a la que quieres y cuidas cada d\u00eda.  <\/p>\n","protected":false},"excerpt":{"rendered":"<p>Ser cuidador significa dedicar tiempo, energ\u00eda y amor a un ser querido que necesita cuidados. Sin embargo, este importante papel puede provocar un efecto secundario a menudo subestimado: la soledad. Los cuidadores de un familiar enfermo o anciano a menudo tienen que sacrificar su vida social, su tiempo de ocio y, a veces, incluso su [&hellip;]<\/p>\n","protected":false},"author":3,"featured_media":0,"comment_status":"closed","ping_status":"closed","sticky":false,"template":"","format":"standard","meta":{"footnotes":""},"categories":[68,65],"tags":[],"class_list":["post-6781","post","type-post","status-publish","format-standard","hentry","category-consejos-para-cuidadores","category-consejos-y-sugerencias"],"yoast_head":"<!-- This site is optimized with the Yoast SEO plugin v27.1.1 - https:\/\/yoast.com\/product\/yoast-seo-wordpress\/ -->\n<title>La soledad del cuidador: c\u00f3mo afrontar el aislamiento emocional y social - Farmoderm.it<\/title>\n<meta name=\"robots\" content=\"index, follow, max-snippet:-1, max-image-preview:large, max-video-preview:-1\" \/>\n<link rel=\"canonical\" href=\"https:\/\/farmoderm.it\/es\/la-soledad-del-cuidador-como-afrontar-el-aislamiento-emocional-y-social\/\" \/>\n<meta property=\"og:locale\" content=\"es_ES\" \/>\n<meta property=\"og:type\" content=\"article\" \/>\n<meta property=\"og:title\" content=\"La soledad del cuidador: c\u00f3mo afrontar el aislamiento emocional y social - Farmoderm.it\" \/>\n<meta property=\"og:description\" content=\"Ser cuidador significa dedicar tiempo, energ\u00eda y amor a un ser querido que necesita cuidados. Sin embargo, este importante papel puede provocar un efecto secundario a menudo subestimado: la soledad. Los cuidadores de un familiar enfermo o anciano a menudo tienen que sacrificar su vida social, su tiempo de ocio y, a veces, incluso su [&hellip;]\" \/>\n<meta property=\"og:url\" content=\"https:\/\/farmoderm.it\/es\/la-soledad-del-cuidador-como-afrontar-el-aislamiento-emocional-y-social\/\" \/>\n<meta property=\"og:site_name\" content=\"Farmoderm.it\" \/>\n<meta property=\"article:published_time\" content=\"2026-01-20T10:35:09+00:00\" \/>\n<meta name=\"author\" content=\"m.polastri\" \/>\n<meta name=\"twitter:card\" content=\"summary_large_image\" \/>\n<meta name=\"twitter:label1\" content=\"Escrito por\" \/>\n\t<meta name=\"twitter:data1\" content=\"m.polastri\" \/>\n\t<meta name=\"twitter:label2\" content=\"Tiempo de lectura\" \/>\n\t<meta name=\"twitter:data2\" content=\"7 minutos\" \/>\n<script type=\"application\/ld+json\" class=\"yoast-schema-graph\">{\"@context\":\"https:\/\/schema.org\",\"@graph\":[{\"@type\":\"Article\",\"@id\":\"https:\/\/farmoderm.it\/es\/la-soledad-del-cuidador-como-afrontar-el-aislamiento-emocional-y-social\/#article\",\"isPartOf\":{\"@id\":\"https:\/\/farmoderm.it\/es\/la-soledad-del-cuidador-como-afrontar-el-aislamiento-emocional-y-social\/\"},\"author\":{\"name\":\"m.polastri\",\"@id\":\"https:\/\/farmoderm.it\/es\/#\/schema\/person\/5cd49204ef037839a6f9ddae54ef67d2\"},\"headline\":\"La soledad del cuidador: c\u00f3mo afrontar el aislamiento emocional y social\",\"datePublished\":\"2026-01-20T10:35:09+00:00\",\"mainEntityOfPage\":{\"@id\":\"https:\/\/farmoderm.it\/es\/la-soledad-del-cuidador-como-afrontar-el-aislamiento-emocional-y-social\/\"},\"wordCount\":1474,\"articleSection\":[\"Consejos para cuidadores\",\"Consejos y sugerencias\"],\"inLanguage\":\"es\"},{\"@type\":\"WebPage\",\"@id\":\"https:\/\/farmoderm.it\/es\/la-soledad-del-cuidador-como-afrontar-el-aislamiento-emocional-y-social\/\",\"url\":\"https:\/\/farmoderm.it\/es\/la-soledad-del-cuidador-como-afrontar-el-aislamiento-emocional-y-social\/\",\"name\":\"La soledad del cuidador: c\u00f3mo afrontar el aislamiento emocional y social - Farmoderm.it\",\"isPartOf\":{\"@id\":\"https:\/\/farmoderm.it\/es\/#website\"},\"datePublished\":\"2026-01-20T10:35:09+00:00\",\"author\":{\"@id\":\"https:\/\/farmoderm.it\/es\/#\/schema\/person\/5cd49204ef037839a6f9ddae54ef67d2\"},\"breadcrumb\":{\"@id\":\"https:\/\/farmoderm.it\/es\/la-soledad-del-cuidador-como-afrontar-el-aislamiento-emocional-y-social\/#breadcrumb\"},\"inLanguage\":\"es\",\"potentialAction\":[{\"@type\":\"ReadAction\",\"target\":[\"https:\/\/farmoderm.it\/es\/la-soledad-del-cuidador-como-afrontar-el-aislamiento-emocional-y-social\/\"]}]},{\"@type\":\"BreadcrumbList\",\"@id\":\"https:\/\/farmoderm.it\/es\/la-soledad-del-cuidador-como-afrontar-el-aislamiento-emocional-y-social\/#breadcrumb\",\"itemListElement\":[{\"@type\":\"ListItem\",\"position\":1,\"name\":\"Home\",\"item\":\"https:\/\/farmoderm.it\/es\/pagina-de-inicio\/\"},{\"@type\":\"ListItem\",\"position\":2,\"name\":\"La soledad del cuidador: c\u00f3mo afrontar el aislamiento emocional y social\"}]},{\"@type\":\"WebSite\",\"@id\":\"https:\/\/farmoderm.it\/es\/#website\",\"url\":\"https:\/\/farmoderm.it\/es\/\",\"name\":\"Farmoderm.it\",\"description\":\"\",\"potentialAction\":[{\"@type\":\"SearchAction\",\"target\":{\"@type\":\"EntryPoint\",\"urlTemplate\":\"https:\/\/farmoderm.it\/es\/?s={search_term_string}\"},\"query-input\":{\"@type\":\"PropertyValueSpecification\",\"valueRequired\":true,\"valueName\":\"search_term_string\"}}],\"inLanguage\":\"es\"},{\"@type\":\"Person\",\"@id\":\"https:\/\/farmoderm.it\/es\/#\/schema\/person\/5cd49204ef037839a6f9ddae54ef67d2\",\"name\":\"m.polastri\",\"image\":{\"@type\":\"ImageObject\",\"inLanguage\":\"es\",\"@id\":\"https:\/\/farmoderm.it\/es\/#\/schema\/person\/image\/\",\"url\":\"https:\/\/secure.gravatar.com\/avatar\/f93affaca0f09482724ddae484663a4f3c4ca1739f622706b2393e103eca6392?s=96&d=mm&r=g\",\"contentUrl\":\"https:\/\/secure.gravatar.com\/avatar\/f93affaca0f09482724ddae484663a4f3c4ca1739f622706b2393e103eca6392?s=96&d=mm&r=g\",\"caption\":\"m.polastri\"},\"url\":\"https:\/\/farmoderm.it\/es\/author\/m-polastri\/\"}]}<\/script>\n<!-- \/ Yoast SEO plugin. -->","yoast_head_json":{"title":"La soledad del cuidador: c\u00f3mo afrontar el aislamiento emocional y social - Farmoderm.it","robots":{"index":"index","follow":"follow","max-snippet":"max-snippet:-1","max-image-preview":"max-image-preview:large","max-video-preview":"max-video-preview:-1"},"canonical":"https:\/\/farmoderm.it\/es\/la-soledad-del-cuidador-como-afrontar-el-aislamiento-emocional-y-social\/","og_locale":"es_ES","og_type":"article","og_title":"La soledad del cuidador: c\u00f3mo afrontar el aislamiento emocional y social - Farmoderm.it","og_description":"Ser cuidador significa dedicar tiempo, energ\u00eda y amor a un ser querido que necesita cuidados. Sin embargo, este importante papel puede provocar un efecto secundario a menudo subestimado: la soledad. Los cuidadores de un familiar enfermo o anciano a menudo tienen que sacrificar su vida social, su tiempo de ocio y, a veces, incluso su [&hellip;]","og_url":"https:\/\/farmoderm.it\/es\/la-soledad-del-cuidador-como-afrontar-el-aislamiento-emocional-y-social\/","og_site_name":"Farmoderm.it","article_published_time":"2026-01-20T10:35:09+00:00","author":"m.polastri","twitter_card":"summary_large_image","twitter_misc":{"Escrito por":"m.polastri","Tiempo de lectura":"7 minutos"},"schema":{"@context":"https:\/\/schema.org","@graph":[{"@type":"Article","@id":"https:\/\/farmoderm.it\/es\/la-soledad-del-cuidador-como-afrontar-el-aislamiento-emocional-y-social\/#article","isPartOf":{"@id":"https:\/\/farmoderm.it\/es\/la-soledad-del-cuidador-como-afrontar-el-aislamiento-emocional-y-social\/"},"author":{"name":"m.polastri","@id":"https:\/\/farmoderm.it\/es\/#\/schema\/person\/5cd49204ef037839a6f9ddae54ef67d2"},"headline":"La soledad del cuidador: c\u00f3mo afrontar el aislamiento emocional y social","datePublished":"2026-01-20T10:35:09+00:00","mainEntityOfPage":{"@id":"https:\/\/farmoderm.it\/es\/la-soledad-del-cuidador-como-afrontar-el-aislamiento-emocional-y-social\/"},"wordCount":1474,"articleSection":["Consejos para cuidadores","Consejos y sugerencias"],"inLanguage":"es"},{"@type":"WebPage","@id":"https:\/\/farmoderm.it\/es\/la-soledad-del-cuidador-como-afrontar-el-aislamiento-emocional-y-social\/","url":"https:\/\/farmoderm.it\/es\/la-soledad-del-cuidador-como-afrontar-el-aislamiento-emocional-y-social\/","name":"La soledad del cuidador: c\u00f3mo afrontar el aislamiento emocional y social - Farmoderm.it","isPartOf":{"@id":"https:\/\/farmoderm.it\/es\/#website"},"datePublished":"2026-01-20T10:35:09+00:00","author":{"@id":"https:\/\/farmoderm.it\/es\/#\/schema\/person\/5cd49204ef037839a6f9ddae54ef67d2"},"breadcrumb":{"@id":"https:\/\/farmoderm.it\/es\/la-soledad-del-cuidador-como-afrontar-el-aislamiento-emocional-y-social\/#breadcrumb"},"inLanguage":"es","potentialAction":[{"@type":"ReadAction","target":["https:\/\/farmoderm.it\/es\/la-soledad-del-cuidador-como-afrontar-el-aislamiento-emocional-y-social\/"]}]},{"@type":"BreadcrumbList","@id":"https:\/\/farmoderm.it\/es\/la-soledad-del-cuidador-como-afrontar-el-aislamiento-emocional-y-social\/#breadcrumb","itemListElement":[{"@type":"ListItem","position":1,"name":"Home","item":"https:\/\/farmoderm.it\/es\/pagina-de-inicio\/"},{"@type":"ListItem","position":2,"name":"La soledad del cuidador: c\u00f3mo afrontar el aislamiento emocional y social"}]},{"@type":"WebSite","@id":"https:\/\/farmoderm.it\/es\/#website","url":"https:\/\/farmoderm.it\/es\/","name":"Farmoderm.it","description":"","potentialAction":[{"@type":"SearchAction","target":{"@type":"EntryPoint","urlTemplate":"https:\/\/farmoderm.it\/es\/?s={search_term_string}"},"query-input":{"@type":"PropertyValueSpecification","valueRequired":true,"valueName":"search_term_string"}}],"inLanguage":"es"},{"@type":"Person","@id":"https:\/\/farmoderm.it\/es\/#\/schema\/person\/5cd49204ef037839a6f9ddae54ef67d2","name":"m.polastri","image":{"@type":"ImageObject","inLanguage":"es","@id":"https:\/\/farmoderm.it\/es\/#\/schema\/person\/image\/","url":"https:\/\/secure.gravatar.com\/avatar\/f93affaca0f09482724ddae484663a4f3c4ca1739f622706b2393e103eca6392?s=96&d=mm&r=g","contentUrl":"https:\/\/secure.gravatar.com\/avatar\/f93affaca0f09482724ddae484663a4f3c4ca1739f622706b2393e103eca6392?s=96&d=mm&r=g","caption":"m.polastri"},"url":"https:\/\/farmoderm.it\/es\/author\/m-polastri\/"}]}},"_links":{"self":[{"href":"https:\/\/farmoderm.it\/es\/wp-json\/wp\/v2\/posts\/6781","targetHints":{"allow":["GET"]}}],"collection":[{"href":"https:\/\/farmoderm.it\/es\/wp-json\/wp\/v2\/posts"}],"about":[{"href":"https:\/\/farmoderm.it\/es\/wp-json\/wp\/v2\/types\/post"}],"author":[{"embeddable":true,"href":"https:\/\/farmoderm.it\/es\/wp-json\/wp\/v2\/users\/3"}],"replies":[{"embeddable":true,"href":"https:\/\/farmoderm.it\/es\/wp-json\/wp\/v2\/comments?post=6781"}],"version-history":[{"count":0,"href":"https:\/\/farmoderm.it\/es\/wp-json\/wp\/v2\/posts\/6781\/revisions"}],"wp:attachment":[{"href":"https:\/\/farmoderm.it\/es\/wp-json\/wp\/v2\/media?parent=6781"}],"wp:term":[{"taxonomy":"category","embeddable":true,"href":"https:\/\/farmoderm.it\/es\/wp-json\/wp\/v2\/categories?post=6781"},{"taxonomy":"post_tag","embeddable":true,"href":"https:\/\/farmoderm.it\/es\/wp-json\/wp\/v2\/tags?post=6781"}],"curies":[{"name":"wp","href":"https:\/\/api.w.org\/{rel}","templated":true}]}}