{"id":6748,"date":"2026-01-20T10:34:45","date_gmt":"2026-01-20T10:34:45","guid":{"rendered":"https:\/\/farmoderm.it\/sennosc-u-osob-starszych\/"},"modified":"2026-01-20T10:34:45","modified_gmt":"2026-01-20T10:34:45","slug":"sennosc-u-osob-starszych","status":"publish","type":"post","link":"https:\/\/farmoderm.it\/pl\/sennosc-u-osob-starszych\/","title":{"rendered":"Senno\u015b\u0107 u os\u00f3b starszych"},"content":{"rendered":"<p><span data-path-to-node=\"2,1\"><span class=\"citation-52\">Senno\u015b\u0107 u os\u00f3b starszych mo\u017ce mie\u0107 kilka przyczyn<\/span><\/span><span data-path-to-node=\"2,3\">. <\/span><span data-path-to-node=\"2,5\"><span class=\"citation-51\">Dowiedzmy si\u0119 razem, jak odr\u00f3\u017cni\u0107 fizjologiczny odpoczynek od oznak z\u0142ego samopoczucia, wraz z praktycznymi poradami dotycz\u0105cymi diety, nawodnienia i codziennych czynno\u015bci.<\/span><\/span><span data-path-to-node=\"2,7\">.<\/span><\/p>\n<h2>Indeks:<\/h2>\n<p><a href=\"#s-intro\">Wprowadzenie<\/a><\/p>\n<ol>\n<li style=\"list-style-type: none;\">\n<ol>\n<li><a href=\"#s-1\">Czy to normalne, \u017ce osoba starsza ca\u0142y czas \u015bpi?<\/a><\/li>\n<li><a href=\"#s-2\">Demencja starcza i senno\u015b\u0107<\/a><\/li>\n<li><a href=\"#s-3\">Bezsenno\u015b\u0107 i senno\u015b\u0107: b\u0142\u0119dne ko\u0142o<\/a><\/li>\n<li><a href=\"#s-4\">Co mog\u0105 zrobi\u0107 opiekunowie?<\/a><\/li>\n<li><a href=\"#s-5\">Wnioski<\/a><\/li>\n<\/ol>\n<\/li>\n<\/ol>\n<ol>\n<li style=\"list-style-type: none;\">\n<\/li>\n<\/ol>\n<h2 id=\"s-intro\">Wprowadzenie<\/h2>\n<p>Senno\u015b\u0107 u os\u00f3b starszych jest cz\u0119sto \u017ar\u00f3d\u0142em niepokoju dla cz\u0142onk\u00f3w rodziny i opiekun\u00f3w. Naturalne jest zastanawianie si\u0119, dlaczego starsza osoba zawsze wydaje si\u0119 zm\u0119czona lub \u015bpi w ci\u0105gu dnia i dobrze jest wiedzie\u0107, \u017ce nie jest to tylko kwestia zm\u0119czenia fizycznego, ale zale\u017cy od wielu czynnik\u00f3w biologicznych, \u015brodowiskowych i psychologicznych. W tym artykule zbadamy przyczyny senno\u015bci w ci\u0105gu dnia, zwi\u0105zane z ni\u0105 zagro\u017cenia i przedstawimy praktyczne sugestie dotycz\u0105ce poprawy jako\u015bci \u017cycia os\u00f3b starszych.  <\/p>\n<h2 id=\"s-1\">Czy to normalne, \u017ce osoba starsza ca\u0142y czas \u015bpi?<\/h2>\n<p>Osoby starsze mog\u0105 cierpie\u0107 na zaburzenia snu, zw\u0142aszcza senno\u015b\u0107 w ci\u0105gu dnia. Chocia\u017c mo\u017ce to by\u0107 fizjologiczne i normalne, wa\u017cne jest, aby sprawdzi\u0107, czy sytuacja nie staje si\u0119 zbyt powa\u017cna. Nadmierna senno\u015b\u0107 mo\u017ce wskazywa\u0107 na powa\u017cniejsze schorzenia, takie jak demencja starcza, choroba Alzheimera lub Parkinsona.  <\/p>\n<p>Wraz z wiekiem cykle snu zmieniaj\u0105 si\u0119, a zapotrzebowanie na sen ma tendencj\u0119 do zmniejszania si\u0119; dzieje si\u0119 tak z kilku powod\u00f3w:<\/p>\n<ul>\n<li><strong>Zmniejszona aktywno\u015b\u0107 fizyczna<\/strong> &#8211; Wraz z wiekiem cz\u0142owiek cz\u0119sto staje si\u0119 mniej aktywny, co zmniejsza wydatek energetyczny i zapotrzebowanie na spokojny sen.<\/li>\n<li><strong>Wi\u0119cej wolnego czasu<\/strong> &#8211; Wiele os\u00f3b starszych mo\u017ce robi\u0107 sobie kr\u00f3tkie przerwy w ci\u0105gu dnia, kumuluj\u0105c sen.<\/li>\n<li><strong>Zmiany rytmu dobowego<\/strong> &#8211; osoby starsze s\u0105 bardziej wra\u017cliwe na zmiany o\u015bwietlenia, co mo\u017ce prowadzi\u0107 do senno\u015bci w ci\u0105gu dnia i bezsenno\u015bci w nocy.<\/li>\n<\/ul>\n<p>Pomimo tych zmian, wa\u017cne jest, aby zwraca\u0107 uwag\u0119 na oznaki, kt\u00f3re mog\u0105 wskazywa\u0107 na g\u0142\u0119bszy problem. Je\u015bli osoba starsza cz\u0119sto zasypia w nieodpowiednich sytuacjach, np. podczas rozmowy lub prowadzenia samochodu, koniecznie skonsultuj si\u0119 z lekarzem. <\/p>\n<h2 id=\"s-2\">Demencja starcza i senno\u015b\u0107<\/h2>\n<p>Pacjenci z demencj\u0105 mog\u0105 cierpie\u0107 na hipersomni\u0119 i senno\u015b\u0107 w ci\u0105gu dnia, objawy, kt\u00f3re maj\u0105 tendencj\u0119 do pogarszania si\u0119 wraz z post\u0119pem choroby. Zwi\u0119kszona senno\u015b\u0107 jest powszechna w zaawansowanych stadiach demencji, a zm\u0119czenie mo\u017ce utrudnia\u0107 nawet najprostsze codzienne czynno\u015bci.<br \/>\nNale\u017cy r\u00f3wnie\u017c pami\u0119ta\u0107, \u017ce niekt\u00f3re osoby z demencj\u0105 mog\u0105 myli\u0107 dzie\u0144 i noc, budz\u0105c si\u0119 w nocy i \u015bpi\u0105c w ci\u0105gu dnia. Senno\u015b\u0107 w ci\u0105gu dnia mo\u017ce by\u0107 r\u00f3wnie\u017c czynnikiem ryzyka demencji: ostatnie badania sugeruj\u0105, \u017ce nadmierna senno\u015b\u0107 mo\u017ce by\u0107 zwi\u0105zana z gromadzeniem si\u0119 bia\u0142ka beta-amyloidu w m\u00f3zgu, wska\u017anika choroby Alzheimera.  <\/p>\n<h2 id=\"s-3\">Bezsenno\u015b\u0107 i senno\u015b\u0107: b\u0142\u0119dne ko\u0142o<\/h2>\n<p>Senno\u015b\u0107 w ci\u0105gu dnia i bezsenno\u015b\u0107 mog\u0105 tworzy\u0107 b\u0142\u0119dne ko\u0142o: je\u015bli osoba starsza ma trudno\u015bci z dobrym snem w nocy, mo\u017ce czu\u0107 si\u0119 zm\u0119czona w ci\u0105gu dnia. Jednocze\u015bnie przed\u0142u\u017cony sen w ci\u0105gu dnia mo\u017ce zak\u0142\u00f3ca\u0107 sen w nocy. <\/p>\n<h2 id=\"s-4\">Co mog\u0105 zrobi\u0107 opiekunowie?<\/h2>\n<p>Opiekunowie mog\u0105 pomy\u015ble\u0107 o r\u00f3\u017cnych \u015brodkach, aby zmniejszy\u0107 senno\u015b\u0107 w ci\u0105gu dnia u os\u00f3b starszych i poprawi\u0107 jako\u015b\u0107 ich \u017cycia. Oto kilka sugestii, kt\u00f3re mog\u0105 pom\u00f3c: <\/p>\n<h3>1. Przygotowanie zdrowej, zbilansowanej diety<\/h3>\n<p><span style=\"font-weight: 400;\">Codzienna dieta musi by\u0107 bogata w sk\u0142adniki od\u017cywcze: oto, czego nigdy nie powinno zabrakn\u0105\u0107, aby prawid\u0142owo si\u0119 od\u017cywia\u0107:<\/span><\/p>\n<ul>\n<li><strong>Ryby i kwasy Omega-3<\/strong>: W\u0142\u0105cz ryby do swojej diety ze wzgl\u0119du na zawarto\u015b\u0107 kwas\u00f3w Omega-3, kt\u00f3re s\u0105 wa\u017cne dla zdrowia m\u00f3zgu. Mo\u017cesz na przyk\u0142ad przygotowa\u0107 prosty pieczony filet z \u0142ososia w towarzystwie warzyw gotowanych na parze. <\/li>\n<li>Chude mi\u0119so <strong>i ro\u015bliny str\u0105czkowe<\/strong>: Chude mi\u0119so wspomaga produkcj\u0119 serotoniny i melatoniny, regulator\u00f3w snu. Ro\u015bliny str\u0105czkowe, takie jak soczewica i fasola, s\u0105 bogate w bia\u0142ko i mog\u0105 by\u0107 stosowane w zupach lub sa\u0142atkach. <\/li>\n<li><strong>Owoce i warzywa<\/strong>: Upewnij si\u0119, \u017ce osoba starsza spo\u017cywa co najmniej pi\u0119\u0107 porcji owoc\u00f3w i warzyw dziennie, aby zapewni\u0107 odpowiednie spo\u017cycie niezb\u0119dnych witamin i minera\u0142\u00f3w. Mo\u017cesz przygotowa\u0107 koktajle lub wir\u00f3wki, aby konsumpcja by\u0142a przyjemniejsza. <\/li>\n<\/ul>\n<h3>2. Zapewnienie odpowiedniego nawodnienia<\/h3>\n<p>Upewnij si\u0119, \u017ce osoba starsza pije co najmniej dwa litry wody dziennie; mo\u017cesz zaoferowa\u0107 lekk\u0105 herbat\u0119 lub bulion warzywny, aby pom\u00f3c jej uzupe\u0142ni\u0107 p\u0142yny. Odwodnienie mo\u017ce przyczyni\u0107 si\u0119 do senno\u015bci i problem\u00f3w z koncentracj\u0105. <\/p>\n<h3>3. Planowanie regularnej aktywno\u015bci fizycznej<\/h3>\n<p>Zach\u0119caj do lekkiej aktywno\u015bci fizycznej, takiej jak<\/p>\n<ul>\n<li><strong>Codzienne spacery<\/strong>: Nawet kr\u00f3tkie spacery mog\u0105 zwi\u0119kszy\u0107 energi\u0119 i poprawi\u0107 sen. Wybieraj przyjemne i bezpieczne trasy, by\u0107 mo\u017ce w parku lub ogrodzie: przebywanie na \u015bwie\u017cym powietrzu jest dobre dla zdrowia i nastroju. <\/li>\n<li><strong>\u0106wiczenia rozci\u0105gaj\u0105ce<\/strong>: Mog\u0105 z\u0142agodzi\u0107 napi\u0119cie mi\u0119\u015bni i sprzyja\u0107 relaksacji. Mo\u017cesz po\u015bwi\u0119ci\u0107 kilka minut ka\u017cdego dnia na proste \u0107wiczenia rozci\u0105gaj\u0105ce. <\/li>\n<\/ul>\n<h3>4. Utrzymanie regularnej rutyny snu<\/h3>\n<p>Ustalenie regularnych godzin chodzenia spa\u0107 i budzenia si\u0119 mo\u017ce pom\u00f3c ustabilizowa\u0107 rytm dobowy. Stworzenie relaksuj\u0105cej rutyny przed snem, takiej jak czytanie ksi\u0105\u017cki lub s\u0142uchanie \u0142agodnej muzyki, mo\u017ce sprzyja\u0107 lepszemu zasypianiu: mo\u017cna r\u00f3wnie\u017c w\u0142\u0105czy\u0107 ciep\u0142\u0105 k\u0105piel jako cz\u0119\u015b\u0107 wieczornej rutyny, je\u015bli pozwala na to mobilno\u015b\u0107 osoby starszej. <\/p>\n<h3>5. Tworzenie komfortowego i relaksuj\u0105cego \u015brodowiska snu<\/h3>\n<p>Upewnij si\u0119, \u017ce sypialnia jest \u015brodowiskiem sprzyjaj\u0105cym zasypianiu:<\/p>\n<ul>\n<li><strong>Odpowiednie o\u015bwietlenie<\/strong>: U\u017cywaj zas\u0142on zaciemniaj\u0105cych, aby zmniejszy\u0107 ilo\u015b\u0107 \u015bwiat\u0142a w nocy i delikatnych \u015bwiate\u0142 przed snem, abat jour jest idealny.<\/li>\n<li><strong>Komfortowa temperatura<\/strong>: Utrzymuj w pomieszczeniu przyjemn\u0105 temperatur\u0119, nie nagrzewaj\u0105c go zbytnio, i u\u017cywaj odpowiednich koc\u00f3w.<\/li>\n<\/ul>\n<h3>6. Kontrolowanie lek\u00f3w<\/h3>\n<p>Popro\u015b lekarza o porad\u0119 dotycz\u0105c\u0105 przegl\u0105du lek\u00f3w przyjmowanych przez osob\u0119 starsz\u0105: niekt\u00f3re leki mog\u0105 mie\u0107 skutki uboczne, kt\u00f3re wp\u0142ywaj\u0105 na sen i, je\u015bli to mo\u017cliwe, mo\u017cna zmieni\u0107 rodzaj lub spos\u00f3b podawania.<\/p>\n<h3>7. Organizowanie dzia\u0142a\u0144 maj\u0105cych na celu utrzymanie aktywno\u015bci umys\u0142u<\/h3>\n<p>Zach\u0119caj do aktywno\u015bci, kt\u00f3re stymuluj\u0105 umys\u0142 w ci\u0105gu dnia, np:<\/p>\n<ul>\n<li><strong>Gry planszowe<\/strong>: Aktywno\u015bci takie jak szachy, karty lub domino mog\u0105 utrzyma\u0107 aktywno\u015b\u0107 umys\u0142u i zapewni\u0107 chwile spotka\u0144 towarzyskich. Niekt\u00f3re gry mog\u0105 przywo\u0142ywa\u0107 wspomnienia dobrych chwil z przesz\u0142o\u015bci, zapewniaj\u0105c dodatkow\u0105 korzy\u015b\u0107 i pocz\u0105tek rozmowy. <\/li>\n<li><strong>Zaj\u0119cia artystyczne<\/strong>: Rysowanie, malowanie lub r\u0119kodzie\u0142o mo\u017ce by\u0107 bardzo satysfakcjonuj\u0105ce i wci\u0105gaj\u0105ce. Stw\u00f3rz k\u0105cik artystyczny, w kt\u00f3rym osoba starsza b\u0119dzie mog\u0142a wyrazi\u0107 swoj\u0105 kreatywno\u015b\u0107. <\/li>\n<\/ul>\n<h2 id=\"s-5\">Wnioski<\/h2>\n<p>Je\u015bli ukochana osoba wydaje si\u0119 ci\u0105gle zm\u0119czona, a jej stan zdrowia pogarsza si\u0119, koniecznie skonsultuj si\u0119 z lekarzem: mo\u017ce to by\u0107 demencja lub inne schorzenie. Nie lekcewa\u017c nadmiernej senno\u015bci i zm\u0119czenia, wczesne dzia\u0142anie jest niezb\u0119dne, aby uzyska\u0107 diagnoz\u0119 i m\u00f3c spowolni\u0107 przebieg choroby. <\/p>\n","protected":false},"excerpt":{"rendered":"<p>Senno\u015b\u0107 u os\u00f3b starszych mo\u017ce mie\u0107 kilka przyczyn. Dowiedzmy si\u0119 razem, jak odr\u00f3\u017cni\u0107 fizjologiczny odpoczynek od oznak z\u0142ego samopoczucia, wraz z praktycznymi poradami dotycz\u0105cymi diety, nawodnienia i codziennych czynno\u015bci.. Indeks: Wprowadzenie Czy to normalne, \u017ce osoba starsza ca\u0142y czas \u015bpi? Demencja starcza i senno\u015b\u0107 Bezsenno\u015b\u0107 i senno\u015b\u0107: b\u0142\u0119dne ko\u0142o Co mog\u0105 zrobi\u0107 opiekunowie? Wnioski Wprowadzenie [&hellip;]<\/p>\n","protected":false},"author":3,"featured_media":0,"comment_status":"closed","ping_status":"closed","sticky":false,"template":"","format":"standard","meta":{"footnotes":""},"categories":[70,71,69],"tags":[],"class_list":["post-6748","post","type-post","status-publish","format-standard","hentry","category-opieka-nad-osobami-starszymi","category-porady-dla-opiekunow","category-wskazowki-i-porady"],"yoast_head":"<!-- This site is optimized with the Yoast SEO plugin v27.1.1 - https:\/\/yoast.com\/product\/yoast-seo-wordpress\/ -->\n<title>Senno\u015b\u0107 u os\u00f3b starszych - Farmoderm.it<\/title>\n<meta name=\"robots\" content=\"index, follow, max-snippet:-1, max-image-preview:large, max-video-preview:-1\" \/>\n<link rel=\"canonical\" href=\"https:\/\/farmoderm.it\/pl\/sennosc-u-osob-starszych\/\" \/>\n<meta property=\"og:locale\" content=\"pl_PL\" \/>\n<meta property=\"og:type\" content=\"article\" \/>\n<meta property=\"og:title\" content=\"Senno\u015b\u0107 u os\u00f3b starszych - Farmoderm.it\" \/>\n<meta property=\"og:description\" content=\"Senno\u015b\u0107 u os\u00f3b starszych mo\u017ce mie\u0107 kilka przyczyn. Dowiedzmy si\u0119 razem, jak odr\u00f3\u017cni\u0107 fizjologiczny odpoczynek od oznak z\u0142ego samopoczucia, wraz z praktycznymi poradami dotycz\u0105cymi diety, nawodnienia i codziennych czynno\u015bci.. Indeks: Wprowadzenie Czy to normalne, \u017ce osoba starsza ca\u0142y czas \u015bpi? Demencja starcza i senno\u015b\u0107 Bezsenno\u015b\u0107 i senno\u015b\u0107: b\u0142\u0119dne ko\u0142o Co mog\u0105 zrobi\u0107 opiekunowie? Wnioski Wprowadzenie [&hellip;]\" \/>\n<meta property=\"og:url\" content=\"https:\/\/farmoderm.it\/pl\/sennosc-u-osob-starszych\/\" \/>\n<meta property=\"og:site_name\" content=\"Farmoderm.it\" \/>\n<meta property=\"article:published_time\" content=\"2026-01-20T10:34:45+00:00\" \/>\n<meta name=\"author\" content=\"m.polastri\" \/>\n<meta name=\"twitter:card\" content=\"summary_large_image\" \/>\n<meta name=\"twitter:label1\" content=\"Napisane przez\" \/>\n\t<meta name=\"twitter:data1\" content=\"m.polastri\" \/>\n\t<meta name=\"twitter:label2\" content=\"Szacowany czas czytania\" \/>\n\t<meta name=\"twitter:data2\" content=\"6 minut\" \/>\n<script type=\"application\/ld+json\" class=\"yoast-schema-graph\">{\"@context\":\"https:\/\/schema.org\",\"@graph\":[{\"@type\":\"Article\",\"@id\":\"https:\/\/farmoderm.it\/pl\/sennosc-u-osob-starszych\/#article\",\"isPartOf\":{\"@id\":\"https:\/\/farmoderm.it\/pl\/sennosc-u-osob-starszych\/\"},\"author\":{\"name\":\"m.polastri\",\"@id\":\"https:\/\/farmoderm.it\/pl\/#\/schema\/person\/5cd49204ef037839a6f9ddae54ef67d2\"},\"headline\":\"Senno\u015b\u0107 u os\u00f3b starszych\",\"datePublished\":\"2026-01-20T10:34:45+00:00\",\"mainEntityOfPage\":{\"@id\":\"https:\/\/farmoderm.it\/pl\/sennosc-u-osob-starszych\/\"},\"wordCount\":1172,\"articleSection\":[\"Opieka nad osobami starszymi\",\"Porady dla opiekun\u00f3w\",\"Wskaz\u00f3wki i porady\"],\"inLanguage\":\"pl-PL\"},{\"@type\":\"WebPage\",\"@id\":\"https:\/\/farmoderm.it\/pl\/sennosc-u-osob-starszych\/\",\"url\":\"https:\/\/farmoderm.it\/pl\/sennosc-u-osob-starszych\/\",\"name\":\"Senno\u015b\u0107 u os\u00f3b starszych - Farmoderm.it\",\"isPartOf\":{\"@id\":\"https:\/\/farmoderm.it\/pl\/#website\"},\"datePublished\":\"2026-01-20T10:34:45+00:00\",\"author\":{\"@id\":\"https:\/\/farmoderm.it\/pl\/#\/schema\/person\/5cd49204ef037839a6f9ddae54ef67d2\"},\"breadcrumb\":{\"@id\":\"https:\/\/farmoderm.it\/pl\/sennosc-u-osob-starszych\/#breadcrumb\"},\"inLanguage\":\"pl-PL\",\"potentialAction\":[{\"@type\":\"ReadAction\",\"target\":[\"https:\/\/farmoderm.it\/pl\/sennosc-u-osob-starszych\/\"]}]},{\"@type\":\"BreadcrumbList\",\"@id\":\"https:\/\/farmoderm.it\/pl\/sennosc-u-osob-starszych\/#breadcrumb\",\"itemListElement\":[{\"@type\":\"ListItem\",\"position\":1,\"name\":\"Home\",\"item\":\"https:\/\/farmoderm.it\/pl\/strona-glowna\/\"},{\"@type\":\"ListItem\",\"position\":2,\"name\":\"Senno\u015b\u0107 u os\u00f3b starszych\"}]},{\"@type\":\"WebSite\",\"@id\":\"https:\/\/farmoderm.it\/pl\/#website\",\"url\":\"https:\/\/farmoderm.it\/pl\/\",\"name\":\"Farmoderm.it\",\"description\":\"\",\"potentialAction\":[{\"@type\":\"SearchAction\",\"target\":{\"@type\":\"EntryPoint\",\"urlTemplate\":\"https:\/\/farmoderm.it\/pl\/?s={search_term_string}\"},\"query-input\":{\"@type\":\"PropertyValueSpecification\",\"valueRequired\":true,\"valueName\":\"search_term_string\"}}],\"inLanguage\":\"pl-PL\"},{\"@type\":\"Person\",\"@id\":\"https:\/\/farmoderm.it\/pl\/#\/schema\/person\/5cd49204ef037839a6f9ddae54ef67d2\",\"name\":\"m.polastri\",\"image\":{\"@type\":\"ImageObject\",\"inLanguage\":\"pl-PL\",\"@id\":\"https:\/\/farmoderm.it\/pl\/#\/schema\/person\/image\/\",\"url\":\"https:\/\/secure.gravatar.com\/avatar\/f93affaca0f09482724ddae484663a4f3c4ca1739f622706b2393e103eca6392?s=96&d=mm&r=g\",\"contentUrl\":\"https:\/\/secure.gravatar.com\/avatar\/f93affaca0f09482724ddae484663a4f3c4ca1739f622706b2393e103eca6392?s=96&d=mm&r=g\",\"caption\":\"m.polastri\"},\"url\":\"https:\/\/farmoderm.it\/pl\/author\/m-polastri\/\"}]}<\/script>\n<!-- \/ Yoast SEO plugin. -->","yoast_head_json":{"title":"Senno\u015b\u0107 u os\u00f3b starszych - Farmoderm.it","robots":{"index":"index","follow":"follow","max-snippet":"max-snippet:-1","max-image-preview":"max-image-preview:large","max-video-preview":"max-video-preview:-1"},"canonical":"https:\/\/farmoderm.it\/pl\/sennosc-u-osob-starszych\/","og_locale":"pl_PL","og_type":"article","og_title":"Senno\u015b\u0107 u os\u00f3b starszych - Farmoderm.it","og_description":"Senno\u015b\u0107 u os\u00f3b starszych mo\u017ce mie\u0107 kilka przyczyn. Dowiedzmy si\u0119 razem, jak odr\u00f3\u017cni\u0107 fizjologiczny odpoczynek od oznak z\u0142ego samopoczucia, wraz z praktycznymi poradami dotycz\u0105cymi diety, nawodnienia i codziennych czynno\u015bci.. Indeks: Wprowadzenie Czy to normalne, \u017ce osoba starsza ca\u0142y czas \u015bpi? Demencja starcza i senno\u015b\u0107 Bezsenno\u015b\u0107 i senno\u015b\u0107: b\u0142\u0119dne ko\u0142o Co mog\u0105 zrobi\u0107 opiekunowie? Wnioski Wprowadzenie [&hellip;]","og_url":"https:\/\/farmoderm.it\/pl\/sennosc-u-osob-starszych\/","og_site_name":"Farmoderm.it","article_published_time":"2026-01-20T10:34:45+00:00","author":"m.polastri","twitter_card":"summary_large_image","twitter_misc":{"Napisane przez":"m.polastri","Szacowany czas czytania":"6 minut"},"schema":{"@context":"https:\/\/schema.org","@graph":[{"@type":"Article","@id":"https:\/\/farmoderm.it\/pl\/sennosc-u-osob-starszych\/#article","isPartOf":{"@id":"https:\/\/farmoderm.it\/pl\/sennosc-u-osob-starszych\/"},"author":{"name":"m.polastri","@id":"https:\/\/farmoderm.it\/pl\/#\/schema\/person\/5cd49204ef037839a6f9ddae54ef67d2"},"headline":"Senno\u015b\u0107 u os\u00f3b starszych","datePublished":"2026-01-20T10:34:45+00:00","mainEntityOfPage":{"@id":"https:\/\/farmoderm.it\/pl\/sennosc-u-osob-starszych\/"},"wordCount":1172,"articleSection":["Opieka nad osobami starszymi","Porady dla opiekun\u00f3w","Wskaz\u00f3wki i porady"],"inLanguage":"pl-PL"},{"@type":"WebPage","@id":"https:\/\/farmoderm.it\/pl\/sennosc-u-osob-starszych\/","url":"https:\/\/farmoderm.it\/pl\/sennosc-u-osob-starszych\/","name":"Senno\u015b\u0107 u os\u00f3b starszych - Farmoderm.it","isPartOf":{"@id":"https:\/\/farmoderm.it\/pl\/#website"},"datePublished":"2026-01-20T10:34:45+00:00","author":{"@id":"https:\/\/farmoderm.it\/pl\/#\/schema\/person\/5cd49204ef037839a6f9ddae54ef67d2"},"breadcrumb":{"@id":"https:\/\/farmoderm.it\/pl\/sennosc-u-osob-starszych\/#breadcrumb"},"inLanguage":"pl-PL","potentialAction":[{"@type":"ReadAction","target":["https:\/\/farmoderm.it\/pl\/sennosc-u-osob-starszych\/"]}]},{"@type":"BreadcrumbList","@id":"https:\/\/farmoderm.it\/pl\/sennosc-u-osob-starszych\/#breadcrumb","itemListElement":[{"@type":"ListItem","position":1,"name":"Home","item":"https:\/\/farmoderm.it\/pl\/strona-glowna\/"},{"@type":"ListItem","position":2,"name":"Senno\u015b\u0107 u os\u00f3b starszych"}]},{"@type":"WebSite","@id":"https:\/\/farmoderm.it\/pl\/#website","url":"https:\/\/farmoderm.it\/pl\/","name":"Farmoderm.it","description":"","potentialAction":[{"@type":"SearchAction","target":{"@type":"EntryPoint","urlTemplate":"https:\/\/farmoderm.it\/pl\/?s={search_term_string}"},"query-input":{"@type":"PropertyValueSpecification","valueRequired":true,"valueName":"search_term_string"}}],"inLanguage":"pl-PL"},{"@type":"Person","@id":"https:\/\/farmoderm.it\/pl\/#\/schema\/person\/5cd49204ef037839a6f9ddae54ef67d2","name":"m.polastri","image":{"@type":"ImageObject","inLanguage":"pl-PL","@id":"https:\/\/farmoderm.it\/pl\/#\/schema\/person\/image\/","url":"https:\/\/secure.gravatar.com\/avatar\/f93affaca0f09482724ddae484663a4f3c4ca1739f622706b2393e103eca6392?s=96&d=mm&r=g","contentUrl":"https:\/\/secure.gravatar.com\/avatar\/f93affaca0f09482724ddae484663a4f3c4ca1739f622706b2393e103eca6392?s=96&d=mm&r=g","caption":"m.polastri"},"url":"https:\/\/farmoderm.it\/pl\/author\/m-polastri\/"}]}},"_links":{"self":[{"href":"https:\/\/farmoderm.it\/pl\/wp-json\/wp\/v2\/posts\/6748","targetHints":{"allow":["GET"]}}],"collection":[{"href":"https:\/\/farmoderm.it\/pl\/wp-json\/wp\/v2\/posts"}],"about":[{"href":"https:\/\/farmoderm.it\/pl\/wp-json\/wp\/v2\/types\/post"}],"author":[{"embeddable":true,"href":"https:\/\/farmoderm.it\/pl\/wp-json\/wp\/v2\/users\/3"}],"replies":[{"embeddable":true,"href":"https:\/\/farmoderm.it\/pl\/wp-json\/wp\/v2\/comments?post=6748"}],"version-history":[{"count":0,"href":"https:\/\/farmoderm.it\/pl\/wp-json\/wp\/v2\/posts\/6748\/revisions"}],"wp:attachment":[{"href":"https:\/\/farmoderm.it\/pl\/wp-json\/wp\/v2\/media?parent=6748"}],"wp:term":[{"taxonomy":"category","embeddable":true,"href":"https:\/\/farmoderm.it\/pl\/wp-json\/wp\/v2\/categories?post=6748"},{"taxonomy":"post_tag","embeddable":true,"href":"https:\/\/farmoderm.it\/pl\/wp-json\/wp\/v2\/tags?post=6748"}],"curies":[{"name":"wp","href":"https:\/\/api.w.org\/{rel}","templated":true}]}}