{"id":6787,"date":"2026-01-20T10:35:09","date_gmt":"2026-01-20T10:35:09","guid":{"rendered":"https:\/\/farmoderm.it\/samotnosc-opiekuna-jak-radzic-sobie-z-izolacja-emocjonalna-i-spoleczna\/"},"modified":"2026-01-20T10:35:09","modified_gmt":"2026-01-20T10:35:09","slug":"samotnosc-opiekuna-jak-radzic-sobie-z-izolacja-emocjonalna-i-spoleczna","status":"publish","type":"post","link":"https:\/\/farmoderm.it\/pl\/samotnosc-opiekuna-jak-radzic-sobie-z-izolacja-emocjonalna-i-spoleczna\/","title":{"rendered":"Samotno\u015b\u0107 opiekuna: jak radzi\u0107 sobie z izolacj\u0105 emocjonaln\u0105 i spo\u0142eczn\u0105"},"content":{"rendered":"<div class=\"source-inline-chip-container ng-star-inserted\">\n<p>Bycie opiekunem oznacza po\u015bwi\u0119canie czasu, energii i mi\u0142o\u015bci ukochanej osobie wymagaj\u0105cej opieki. Ta wa\u017cna rola mo\u017ce jednak prowadzi\u0107 do cz\u0119sto niedocenianego efektu ubocznego: samotno\u015bci. Opiekunowie chorego lub starszego cz\u0142onka rodziny cz\u0119sto musz\u0105 po\u015bwi\u0119ca\u0107 swoje \u017cycie towarzyskie, czas wolny, a czasem nawet w\u0142asne samopoczucie emocjonalne. Stan ten mo\u017ce przekszta\u0142ci\u0107 si\u0119 w prawdziwe ciche wi\u0119zienie, w kt\u00f3rym opiekun czuje si\u0119 coraz bardziej samotny i niezrozumiany.   <\/p>\n<p>Samotno\u015b\u0107 nie jest jednak stanem nieodwracalnym. Istniej\u0105 r\u00f3\u017cne sposoby radzenia sobie z ni\u0105, odkrywania na nowo przyjemno\u015bci bycia razem z innymi i autentycznych chwil dzielenia si\u0119. <\/p>\n<\/div>\n<div><\/div>\n<h2>Indeks:<\/h2>\n<ol>\n<li style=\"list-style-type: none;\">\n<ol>\n<li><a href=\"#s-1\">Dlaczego opiekunowie czuj\u0105 si\u0119 samotni?<\/a><\/li>\n<li><a href=\"#s-2\">Konsekwencje samotno\u015bci dla dobrego samopoczucia opiekuna<\/a><\/li>\n<li><a href=\"#s-3\">Jak radzi\u0107 sobie z samotno\u015bci\u0105?<\/a><\/li>\n<li><a href=\"#s-4\">Samotno\u015b\u0107 opiekuna nie musi by\u0107 pot\u0119pieniem<\/a><\/li>\n<\/ol>\n<\/li>\n<\/ol>\n<h2><\/h2>\n<h2 id=\"s-1\">Dlaczego opiekunowie czuj\u0105 si\u0119 samotni?<\/h2>\n<p>Emocjonalna samotno\u015b\u0107, kt\u00f3ra dotyka wielu opiekun\u00f3w, nie pojawia si\u0119 przypadkowo, ale cz\u0119sto jest wynikiem kilku powi\u0105zanych ze sob\u0105 dynamik. Oto niekt\u00f3re z najcz\u0119stszych powod\u00f3w, kt\u00f3re mog\u0105 podsyca\u0107 to poczucie izolacji: <\/p>\n<h3>1. Brak czasu dla siebie<\/h3>\n<p>Opieka oznacza po\u015bwi\u0119canie czasu, energii i serca ka\u017cdego dnia. Jest to g\u0142\u0119boki gest mi\u0142o\u015bci, ale cz\u0119sto wymaga sta\u0142ej obecno\u015bci, kt\u00f3ra pozostawia niewiele miejsca dla siebie. Dni s\u0105 wype\u0142nione zobowi\u0105zaniami, obowi\u0105zkami i poczuciem, \u017ce zawsze trzeba by\u0107 dost\u0119pnym, co utrudnia utrzymanie relacji i znalezienie chwil lekko\u015bci.  <\/p>\n<h3>2. Izolacja spo\u0142eczna<\/h3>\n<p>Dla wielu opiekun\u00f3w \u015bwiat wydaje si\u0119 kurczy\u0107 z dnia na dzie\u0144: wyj\u015bcia staj\u0105 si\u0119 coraz rzadsze, spotkania z przyjaci\u00f3\u0142mi coraz rzadsze, a mo\u017cliwo\u015bci uczestniczenia w wydarzeniach towarzyskich niemal zanikaj\u0105. Ta izolacja wkrada si\u0119 po cichu, oddalaj\u0105c ich od relacji, kt\u00f3re kiedy\u015b wype\u0142nia\u0142y ich \u017cycie ciep\u0142em i normalno\u015bci\u0105. <\/p>\n<h3>3. Poczucie niezrozumienia<\/h3>\n<p>Nawet gdy pojawia si\u0119 mo\u017cliwo\u015b\u0107 interakcji z innymi, opiekun cz\u0119sto czuje si\u0119 nie na miejscu, niemal niewidoczny. Osoby, kt\u00f3re nigdy nie prze\u017cy\u0142y tego do\u015bwiadczenia, maj\u0105 trudno\u015bci ze zrozumieniem codziennych wyzwa\u0144, g\u0142\u0119bokiego zm\u0119czenia i zwi\u0105zanego z tym obci\u0105\u017cenia emocjonalnego. Dystans ten czasami tworzy luk\u0119 w kontaktach z przyjaci\u00f3\u0142mi i rodzin\u0105, sprawiaj\u0105c, \u017ce poczucie samotno\u015bci staje si\u0119 jeszcze wi\u0119ksze.  <\/p>\n<h3>4. Utrata to\u017csamo\u015bci osobistej<\/h3>\n<p>Bycie opiekunem mo\u017ce sta\u0107 si\u0119 tak uzale\u017cniaj\u0105ce i wszechogarniaj\u0105ce, \u017ce traci si\u0119 z oczu to, kim si\u0119 kiedy\u015b by\u0142o. Zainteresowania, pasje i marzenia, kt\u00f3re kiedy\u015b dawa\u0142y energi\u0119 i rado\u015b\u0107, zostaj\u0105 odsuni\u0119te na bok, przyt\u0142oczone codziennymi obowi\u0105zkami i potrzeb\u0105 bycia zawsze przy tych, kt\u00f3rzy potrzebuj\u0105 pomocy. Powoli to, co czyni\u0142o nas wyj\u0105tkowymi, wydaje si\u0119 zanika\u0107, pozostawiaj\u0105c uczucie wewn\u0119trznej pustki, kt\u00f3ra podsyca samotno\u015b\u0107 i sprawia, \u017ce czujemy si\u0119 oddaleni nawet od samych siebie.  <\/p>\n<h2><\/h2>\n<h2 id=\"s-2\">Konsekwencje samotno\u015bci dla dobrego samopoczucia opiekuna<\/h2>\n<p>Samotno\u015b\u0107 emocjonalna do\u015bwiadczana przez osoby opiekuj\u0105ce si\u0119 chorym lub starszym cz\u0142onkiem rodziny jest z\u0142o\u017conym stanem, kt\u00f3ry wykracza poza zwyk\u0142y brak towarzystwa. Jest to poczucie wewn\u0119trznej izolacji, kt\u00f3re odczuwa si\u0119 nawet w otoczeniu innych ludzi, poniewa\u017c to, czego do\u015bwiadcza si\u0119 na co dzie\u0144, jest trudne do wyja\u015bnienia i cz\u0119sto trudne do zrozumienia dla tych, kt\u00f3rzy nie dziel\u0105 tego samego do\u015bwiadczenia. <\/p>\n<p>Ta samotno\u015b\u0107 jest nie tylko obci\u0105\u017ceniem emocjonalnym, ale mo\u017ce mie\u0107 realne konsekwencje dla zdrowia psychicznego i fizycznego:<\/p>\n<ul>\n<li><strong>Przeci\u0105\u017cenie emocjonalne i ci\u0105g\u0142y stres<\/strong>: opieka nad kim\u015b na bie\u017c\u0105co oznacza radzenie sobie z intensywnymi i czasami sprzecznymi emocjami. Ci\u0105g\u0142a odpowiedzialno\u015b\u0107, strach przed pope\u0142nianiem b\u0142\u0119d\u00f3w i brak chwil rozlu\u017anienia generuj\u0105 stres, kt\u00f3ry bez odpowiedniego wsparcia staje si\u0119 trudny do opanowania. <\/li>\n<li><strong>Poczucie niezrozumienia i izolacji w relacjach<\/strong>: ci, kt\u00f3rzy nie do\u015bwiadczyli tej rzeczywisto\u015bci, maj\u0105 trudno\u015bci ze zrozumieniem, jak bardzo mo\u017ce by\u0107 ona wymagaj\u0105ca fizycznie i emocjonalnie. Nawet podczas rozm\u00f3w z przyjaci\u00f3\u0142mi lub krewnymi ma si\u0119 wra\u017cenie, \u017ce m\u00f3wi si\u0119 innym j\u0119zykiem, co zwi\u0119ksza dystans do relacji, kt\u00f3re kiedy\u015b by\u0142y \u017ar\u00f3d\u0142em komfortu. <\/li>\n<li><strong>Ryzyko depresji i utraty siebie<\/strong>: po\u015bwi\u0119cenie ca\u0142ej energii na opiek\u0119 nad kim\u015b innym mo\u017ce prowadzi\u0107 do zaniedbania w\u0142asnych potrzeb i pragnie\u0144. Z czasem to ci\u0105g\u0142e wyrzeczenie mo\u017ce skutkowa\u0107 poczuciem wewn\u0119trznej pustki, uporczywym smutkiem i utrat\u0105 motywacji do tego, co kiedy\u015b przynosi\u0142o rado\u015b\u0107. <\/li>\n<li><strong>Wp\u0142yw na zdrowie fizyczne<\/strong>: emocjonalne obci\u0105\u017cenie zwi\u0105zane z opiek\u0105, w po\u0142\u0105czeniu z poczuciem samotno\u015bci, mo\u017ce negatywnie wp\u0142ywa\u0107 na cia\u0142o. Zaburzenia takie jak b\u00f3le g\u0142owy, napi\u0119cie mi\u0119\u015bni i os\u0142abiony uk\u0142ad odporno\u015bciowy s\u0105 cz\u0119stymi oznakami, \u017ce ci\u0119\u017car jest zbyt du\u017cy do ud\u017awigni\u0119cia. <\/li>\n<li><strong>Trudno\u015bci w znalezieniu ulgi i odpoczynku<\/strong>: umys\u0142 opiekuna jest cz\u0119sto zaj\u0119ty my\u015blami o organizacji, codziennym zarz\u0105dzaniu i zmartwieniach o ukochan\u0105 osob\u0119. Nawet chwile wytchnienia nie przynosz\u0105 oczekiwanej ulgi, co ma negatywny wp\u0142yw na jako\u015b\u0107 snu i zdolno\u015b\u0107 do odzyskania energii. <\/li>\n<\/ul>\n<p>Ta emocjonalna samotno\u015b\u0107 nie jest s\u0142abo\u015bci\u0105, ale ludzk\u0105 reakcj\u0105 na z\u0142o\u017cone i obci\u0105\u017cone odpowiedzialno\u015bci\u0105 zadanie. Wa\u017cne jest, aby to rozpozna\u0107 i, je\u015bli to mo\u017cliwe, poprosi\u0107 o pomoc: nawet ci, kt\u00f3rzy opiekuj\u0105 si\u0119 innymi, musz\u0105 czu\u0107 si\u0119 rozumiani, wspierani i mile widziani. <\/p>\n<h2><\/h2>\n<h2 id=\"s-3\">Jak radzi\u0107 sobie z samotno\u015bci\u0105?<\/h2>\n<p>Przyznanie, \u017ce czujesz si\u0119 samotny, jest pierwszym krokiem do zmniejszenia ci\u0119\u017caru, kt\u00f3ry wydaje si\u0119 zbyt du\u017cy do ud\u017awigni\u0119cia. Samotno\u015b\u0107, zw\u0142aszcza samotno\u015b\u0107 emocjonalna, nie jest stanem nieuniknionym: nawet ci, kt\u00f3rzy troszcz\u0105 si\u0119 o innych, zas\u0142uguj\u0105 na to, by czu\u0107 si\u0119 rozumiani i mniej odizolowani. Poszukiwanie wsparcia, dzielenie si\u0119 swoimi emocjami i pozwalanie sobie na ma\u0142e chwile wytchnienia mo\u017ce wiele zmieni\u0107. Nie jest to egoizm, ale akt troski o siebie, niezb\u0119dny do kontynuowania opieki nad innymi z pogod\u0105 ducha.   <\/p>\n<h3>1. Proszenie o pomoc bez poczucia winy<\/h3>\n<p>Zaakceptowanie faktu, \u017ce nie mo\u017cna zrobi\u0107 wszystkiego samemu, nie jest pora\u017ck\u0105, ale gestem mi\u0142o\u015bci i \u015bwiadomo\u015bci. Przyznanie sobie prawa do poproszenia o pomoc, czy to cz\u0142onka rodziny, profesjonalisty czy struktury wsparcia, oznacza uznanie w\u0142asnych ogranicze\u0144 z \u0142agodno\u015bci\u0105. Zmniejszenie obci\u0105\u017cenia nie tylko sprawia, \u017ce opieka jest bardziej zr\u00f3wnowa\u017cona, ale tak\u017ce pozwala wyrze\u017abi\u0107 te ma\u0142e chwile dla siebie, kt\u00f3re s\u0105 niezb\u0119dne do utrzymania r\u00f3wnowagi i spokoju.  <\/p>\n<h3>2. Podtrzymywanie relacji spo\u0142ecznych<\/h3>\n<p>Nawet gdy czas wydaje si\u0119 nigdy nie wystarcza\u0107, znalezienie chwili na piel\u0119gnowanie relacji jest gestem, kt\u00f3ry mo\u017ce zrobi\u0107 r\u00f3\u017cnic\u0119. Wiadomo\u015b\u0107, rozmowa telefoniczna lub kr\u00f3tka rozmowa wideo to ma\u0142e gesty, kt\u00f3re podtrzymuj\u0105 wi\u0119zi i daj\u0105 poczucie blisko\u015bci, kt\u00f3re pomaga czu\u0107 si\u0119 mniej samotnym, nawet w najtrudniejsze dni. <\/p>\n<h3>3. Znalezienie grup wsparcia<\/h3>\n<p>Dzielenie si\u0119 emocjami z osobami przechodz\u0105cymi przez to samo do\u015bwiadczenie mo\u017ce naprawd\u0119 wiele zmieni\u0107. Grupy wsparcia, zar\u00f3wno twarz\u0105 w twarz, jak i online, oferuj\u0105 bezpieczn\u0105 przestrze\u0144, w kt\u00f3rej opiekunowie mog\u0105 opowiedzie\u0107 swoje historie bez obawy, \u017ce zostan\u0105 os\u0105dzeni, wymieni\u0107 si\u0119 radami i znale\u017a\u0107 pocieszenie we wzajemnym zrozumieniu, kt\u00f3re \u0142agodzi samotno\u015b\u0107 i koi serce. <\/p>\n<h3>4. Wydzielanie przestrzeni dla siebie<\/h3>\n<p>Nawet kilka minut dziennie po\u015bwi\u0119conych samemu sobie mo\u017ce wiele zmieni\u0107. Przeczytanie kilku stron ksi\u0105\u017cki, pos\u0142uchanie ukochanej piosenki lub kr\u00f3tki spacer to drobne gesty, kt\u00f3re pomagaj\u0105 na nowo odkry\u0107 swoj\u0105 to\u017csamo\u015b\u0107 poza rol\u0105 opiekuna, prze\u0142amuj\u0105c poczucie samotno\u015bci i daj\u0105c umys\u0142owi i sercu chwil\u0119 oddechu. <\/p>\n<h3>5. Rozwa\u017cenie wsparcia psychologicznego<\/h3>\n<p>Kiedy samotno\u015b\u0107 staje si\u0119 przyt\u0142aczaj\u0105ca, zwr\u00f3cenie si\u0119 o pomoc do profesjonalisty mo\u017ce by\u0107 wa\u017cnym i cennym krokiem. Psycholog lub osoba do\u015bwiadczona we wspieraniu opiekun\u00f3w mo\u017ce zaoferowa\u0107 bezpieczn\u0105 przestrze\u0144 do s\u0142uchania i przydatne narz\u0119dzia do zrozumienia, zarz\u0105dzania emocjami i odzyskania r\u00f3wnowagi, pozwalaj\u0105c stawi\u0107 czo\u0142a codziennym wyzwaniom z wi\u0119kszym spokojem. <\/p>\n<h2><\/h2>\n<h2 id=\"s-4\">Samotno\u015b\u0107 opiekuna nie musi by\u0107 pot\u0119pieniem<\/h2>\n<p>Bycie opiekunem jest aktem g\u0142\u0119bokiej mi\u0142o\u015bci, ale nie oznacza to, \u017ce zawsze trzeba odsuwa\u0107 si\u0119 na dalszy plan. Samotno\u015b\u0107 emocjonalna nie jest stanem nieuniknionym: istniej\u0105 sposoby radzenia sobie z ni\u0105, odkrywania na nowo warto\u015bci relacji, dzielenia si\u0119 i wzajemnego wsparcia. <\/p>\n<p>Je\u015bli czujesz si\u0119 samotny, pami\u0119taj, \u017ce tak naprawd\u0119 nie jeste\u015b. Porozmawiaj z kim\u015b, popro\u015b o pomoc bez strachu i wstydu i daj sobie prawo do zadbania r\u00f3wnie\u017c o siebie. Twoje dobre samopoczucie jest tak samo wa\u017cne, jak samopoczucie osoby, kt\u00f3r\u0105 kochasz i kt\u00f3r\u0105 opiekujesz si\u0119 na co dzie\u0144.  <\/p>\n","protected":false},"excerpt":{"rendered":"<p>Bycie opiekunem oznacza po\u015bwi\u0119canie czasu, energii i mi\u0142o\u015bci ukochanej osobie wymagaj\u0105cej opieki. Ta wa\u017cna rola mo\u017ce jednak prowadzi\u0107 do cz\u0119sto niedocenianego efektu ubocznego: samotno\u015bci. Opiekunowie chorego lub starszego cz\u0142onka rodziny cz\u0119sto musz\u0105 po\u015bwi\u0119ca\u0107 swoje \u017cycie towarzyskie, czas wolny, a czasem nawet w\u0142asne samopoczucie emocjonalne. Stan ten mo\u017ce przekszta\u0142ci\u0107 si\u0119 w prawdziwe ciche wi\u0119zienie, w kt\u00f3rym [&hellip;]<\/p>\n","protected":false},"author":3,"featured_media":0,"comment_status":"closed","ping_status":"closed","sticky":false,"template":"","format":"standard","meta":{"footnotes":""},"categories":[71,69],"tags":[],"class_list":["post-6787","post","type-post","status-publish","format-standard","hentry","category-porady-dla-opiekunow","category-wskazowki-i-porady"],"yoast_head":"<!-- This site is optimized with the Yoast SEO plugin v27.1.1 - https:\/\/yoast.com\/product\/yoast-seo-wordpress\/ -->\n<title>Samotno\u015b\u0107 opiekuna: jak radzi\u0107 sobie z izolacj\u0105 emocjonaln\u0105 i spo\u0142eczn\u0105 - Farmoderm.it<\/title>\n<meta name=\"robots\" content=\"index, follow, max-snippet:-1, max-image-preview:large, max-video-preview:-1\" \/>\n<link rel=\"canonical\" href=\"https:\/\/farmoderm.it\/pl\/samotnosc-opiekuna-jak-radzic-sobie-z-izolacja-emocjonalna-i-spoleczna\/\" \/>\n<meta property=\"og:locale\" content=\"pl_PL\" \/>\n<meta property=\"og:type\" content=\"article\" \/>\n<meta property=\"og:title\" content=\"Samotno\u015b\u0107 opiekuna: jak radzi\u0107 sobie z izolacj\u0105 emocjonaln\u0105 i spo\u0142eczn\u0105 - Farmoderm.it\" \/>\n<meta property=\"og:description\" content=\"Bycie opiekunem oznacza po\u015bwi\u0119canie czasu, energii i mi\u0142o\u015bci ukochanej osobie wymagaj\u0105cej opieki. Ta wa\u017cna rola mo\u017ce jednak prowadzi\u0107 do cz\u0119sto niedocenianego efektu ubocznego: samotno\u015bci. Opiekunowie chorego lub starszego cz\u0142onka rodziny cz\u0119sto musz\u0105 po\u015bwi\u0119ca\u0107 swoje \u017cycie towarzyskie, czas wolny, a czasem nawet w\u0142asne samopoczucie emocjonalne. Stan ten mo\u017ce przekszta\u0142ci\u0107 si\u0119 w prawdziwe ciche wi\u0119zienie, w kt\u00f3rym [&hellip;]\" \/>\n<meta property=\"og:url\" content=\"https:\/\/farmoderm.it\/pl\/samotnosc-opiekuna-jak-radzic-sobie-z-izolacja-emocjonalna-i-spoleczna\/\" \/>\n<meta property=\"og:site_name\" content=\"Farmoderm.it\" \/>\n<meta property=\"article:published_time\" content=\"2026-01-20T10:35:09+00:00\" \/>\n<meta name=\"author\" content=\"m.polastri\" \/>\n<meta name=\"twitter:card\" content=\"summary_large_image\" \/>\n<meta name=\"twitter:label1\" content=\"Napisane przez\" \/>\n\t<meta name=\"twitter:data1\" content=\"m.polastri\" \/>\n\t<meta name=\"twitter:label2\" content=\"Szacowany czas czytania\" \/>\n\t<meta name=\"twitter:data2\" content=\"7 minut\" \/>\n<script type=\"application\/ld+json\" class=\"yoast-schema-graph\">{\"@context\":\"https:\/\/schema.org\",\"@graph\":[{\"@type\":\"Article\",\"@id\":\"https:\/\/farmoderm.it\/pl\/samotnosc-opiekuna-jak-radzic-sobie-z-izolacja-emocjonalna-i-spoleczna\/#article\",\"isPartOf\":{\"@id\":\"https:\/\/farmoderm.it\/pl\/samotnosc-opiekuna-jak-radzic-sobie-z-izolacja-emocjonalna-i-spoleczna\/\"},\"author\":{\"name\":\"m.polastri\",\"@id\":\"https:\/\/farmoderm.it\/pl\/#\/schema\/person\/5cd49204ef037839a6f9ddae54ef67d2\"},\"headline\":\"Samotno\u015b\u0107 opiekuna: jak radzi\u0107 sobie z izolacj\u0105 emocjonaln\u0105 i spo\u0142eczn\u0105\",\"datePublished\":\"2026-01-20T10:35:09+00:00\",\"mainEntityOfPage\":{\"@id\":\"https:\/\/farmoderm.it\/pl\/samotnosc-opiekuna-jak-radzic-sobie-z-izolacja-emocjonalna-i-spoleczna\/\"},\"wordCount\":1441,\"articleSection\":[\"Porady dla opiekun\u00f3w\",\"Wskaz\u00f3wki i porady\"],\"inLanguage\":\"pl-PL\"},{\"@type\":\"WebPage\",\"@id\":\"https:\/\/farmoderm.it\/pl\/samotnosc-opiekuna-jak-radzic-sobie-z-izolacja-emocjonalna-i-spoleczna\/\",\"url\":\"https:\/\/farmoderm.it\/pl\/samotnosc-opiekuna-jak-radzic-sobie-z-izolacja-emocjonalna-i-spoleczna\/\",\"name\":\"Samotno\u015b\u0107 opiekuna: jak radzi\u0107 sobie z izolacj\u0105 emocjonaln\u0105 i spo\u0142eczn\u0105 - Farmoderm.it\",\"isPartOf\":{\"@id\":\"https:\/\/farmoderm.it\/pl\/#website\"},\"datePublished\":\"2026-01-20T10:35:09+00:00\",\"author\":{\"@id\":\"https:\/\/farmoderm.it\/pl\/#\/schema\/person\/5cd49204ef037839a6f9ddae54ef67d2\"},\"breadcrumb\":{\"@id\":\"https:\/\/farmoderm.it\/pl\/samotnosc-opiekuna-jak-radzic-sobie-z-izolacja-emocjonalna-i-spoleczna\/#breadcrumb\"},\"inLanguage\":\"pl-PL\",\"potentialAction\":[{\"@type\":\"ReadAction\",\"target\":[\"https:\/\/farmoderm.it\/pl\/samotnosc-opiekuna-jak-radzic-sobie-z-izolacja-emocjonalna-i-spoleczna\/\"]}]},{\"@type\":\"BreadcrumbList\",\"@id\":\"https:\/\/farmoderm.it\/pl\/samotnosc-opiekuna-jak-radzic-sobie-z-izolacja-emocjonalna-i-spoleczna\/#breadcrumb\",\"itemListElement\":[{\"@type\":\"ListItem\",\"position\":1,\"name\":\"Home\",\"item\":\"https:\/\/farmoderm.it\/pl\/strona-glowna\/\"},{\"@type\":\"ListItem\",\"position\":2,\"name\":\"Samotno\u015b\u0107 opiekuna: jak radzi\u0107 sobie z izolacj\u0105 emocjonaln\u0105 i spo\u0142eczn\u0105\"}]},{\"@type\":\"WebSite\",\"@id\":\"https:\/\/farmoderm.it\/pl\/#website\",\"url\":\"https:\/\/farmoderm.it\/pl\/\",\"name\":\"Farmoderm.it\",\"description\":\"\",\"potentialAction\":[{\"@type\":\"SearchAction\",\"target\":{\"@type\":\"EntryPoint\",\"urlTemplate\":\"https:\/\/farmoderm.it\/pl\/?s={search_term_string}\"},\"query-input\":{\"@type\":\"PropertyValueSpecification\",\"valueRequired\":true,\"valueName\":\"search_term_string\"}}],\"inLanguage\":\"pl-PL\"},{\"@type\":\"Person\",\"@id\":\"https:\/\/farmoderm.it\/pl\/#\/schema\/person\/5cd49204ef037839a6f9ddae54ef67d2\",\"name\":\"m.polastri\",\"image\":{\"@type\":\"ImageObject\",\"inLanguage\":\"pl-PL\",\"@id\":\"https:\/\/farmoderm.it\/pl\/#\/schema\/person\/image\/\",\"url\":\"https:\/\/secure.gravatar.com\/avatar\/f93affaca0f09482724ddae484663a4f3c4ca1739f622706b2393e103eca6392?s=96&d=mm&r=g\",\"contentUrl\":\"https:\/\/secure.gravatar.com\/avatar\/f93affaca0f09482724ddae484663a4f3c4ca1739f622706b2393e103eca6392?s=96&d=mm&r=g\",\"caption\":\"m.polastri\"},\"url\":\"https:\/\/farmoderm.it\/pl\/author\/m-polastri\/\"}]}<\/script>\n<!-- \/ Yoast SEO plugin. -->","yoast_head_json":{"title":"Samotno\u015b\u0107 opiekuna: jak radzi\u0107 sobie z izolacj\u0105 emocjonaln\u0105 i spo\u0142eczn\u0105 - Farmoderm.it","robots":{"index":"index","follow":"follow","max-snippet":"max-snippet:-1","max-image-preview":"max-image-preview:large","max-video-preview":"max-video-preview:-1"},"canonical":"https:\/\/farmoderm.it\/pl\/samotnosc-opiekuna-jak-radzic-sobie-z-izolacja-emocjonalna-i-spoleczna\/","og_locale":"pl_PL","og_type":"article","og_title":"Samotno\u015b\u0107 opiekuna: jak radzi\u0107 sobie z izolacj\u0105 emocjonaln\u0105 i spo\u0142eczn\u0105 - Farmoderm.it","og_description":"Bycie opiekunem oznacza po\u015bwi\u0119canie czasu, energii i mi\u0142o\u015bci ukochanej osobie wymagaj\u0105cej opieki. Ta wa\u017cna rola mo\u017ce jednak prowadzi\u0107 do cz\u0119sto niedocenianego efektu ubocznego: samotno\u015bci. Opiekunowie chorego lub starszego cz\u0142onka rodziny cz\u0119sto musz\u0105 po\u015bwi\u0119ca\u0107 swoje \u017cycie towarzyskie, czas wolny, a czasem nawet w\u0142asne samopoczucie emocjonalne. Stan ten mo\u017ce przekszta\u0142ci\u0107 si\u0119 w prawdziwe ciche wi\u0119zienie, w kt\u00f3rym [&hellip;]","og_url":"https:\/\/farmoderm.it\/pl\/samotnosc-opiekuna-jak-radzic-sobie-z-izolacja-emocjonalna-i-spoleczna\/","og_site_name":"Farmoderm.it","article_published_time":"2026-01-20T10:35:09+00:00","author":"m.polastri","twitter_card":"summary_large_image","twitter_misc":{"Napisane przez":"m.polastri","Szacowany czas czytania":"7 minut"},"schema":{"@context":"https:\/\/schema.org","@graph":[{"@type":"Article","@id":"https:\/\/farmoderm.it\/pl\/samotnosc-opiekuna-jak-radzic-sobie-z-izolacja-emocjonalna-i-spoleczna\/#article","isPartOf":{"@id":"https:\/\/farmoderm.it\/pl\/samotnosc-opiekuna-jak-radzic-sobie-z-izolacja-emocjonalna-i-spoleczna\/"},"author":{"name":"m.polastri","@id":"https:\/\/farmoderm.it\/pl\/#\/schema\/person\/5cd49204ef037839a6f9ddae54ef67d2"},"headline":"Samotno\u015b\u0107 opiekuna: jak radzi\u0107 sobie z izolacj\u0105 emocjonaln\u0105 i spo\u0142eczn\u0105","datePublished":"2026-01-20T10:35:09+00:00","mainEntityOfPage":{"@id":"https:\/\/farmoderm.it\/pl\/samotnosc-opiekuna-jak-radzic-sobie-z-izolacja-emocjonalna-i-spoleczna\/"},"wordCount":1441,"articleSection":["Porady dla opiekun\u00f3w","Wskaz\u00f3wki i porady"],"inLanguage":"pl-PL"},{"@type":"WebPage","@id":"https:\/\/farmoderm.it\/pl\/samotnosc-opiekuna-jak-radzic-sobie-z-izolacja-emocjonalna-i-spoleczna\/","url":"https:\/\/farmoderm.it\/pl\/samotnosc-opiekuna-jak-radzic-sobie-z-izolacja-emocjonalna-i-spoleczna\/","name":"Samotno\u015b\u0107 opiekuna: jak radzi\u0107 sobie z izolacj\u0105 emocjonaln\u0105 i spo\u0142eczn\u0105 - Farmoderm.it","isPartOf":{"@id":"https:\/\/farmoderm.it\/pl\/#website"},"datePublished":"2026-01-20T10:35:09+00:00","author":{"@id":"https:\/\/farmoderm.it\/pl\/#\/schema\/person\/5cd49204ef037839a6f9ddae54ef67d2"},"breadcrumb":{"@id":"https:\/\/farmoderm.it\/pl\/samotnosc-opiekuna-jak-radzic-sobie-z-izolacja-emocjonalna-i-spoleczna\/#breadcrumb"},"inLanguage":"pl-PL","potentialAction":[{"@type":"ReadAction","target":["https:\/\/farmoderm.it\/pl\/samotnosc-opiekuna-jak-radzic-sobie-z-izolacja-emocjonalna-i-spoleczna\/"]}]},{"@type":"BreadcrumbList","@id":"https:\/\/farmoderm.it\/pl\/samotnosc-opiekuna-jak-radzic-sobie-z-izolacja-emocjonalna-i-spoleczna\/#breadcrumb","itemListElement":[{"@type":"ListItem","position":1,"name":"Home","item":"https:\/\/farmoderm.it\/pl\/strona-glowna\/"},{"@type":"ListItem","position":2,"name":"Samotno\u015b\u0107 opiekuna: jak radzi\u0107 sobie z izolacj\u0105 emocjonaln\u0105 i spo\u0142eczn\u0105"}]},{"@type":"WebSite","@id":"https:\/\/farmoderm.it\/pl\/#website","url":"https:\/\/farmoderm.it\/pl\/","name":"Farmoderm.it","description":"","potentialAction":[{"@type":"SearchAction","target":{"@type":"EntryPoint","urlTemplate":"https:\/\/farmoderm.it\/pl\/?s={search_term_string}"},"query-input":{"@type":"PropertyValueSpecification","valueRequired":true,"valueName":"search_term_string"}}],"inLanguage":"pl-PL"},{"@type":"Person","@id":"https:\/\/farmoderm.it\/pl\/#\/schema\/person\/5cd49204ef037839a6f9ddae54ef67d2","name":"m.polastri","image":{"@type":"ImageObject","inLanguage":"pl-PL","@id":"https:\/\/farmoderm.it\/pl\/#\/schema\/person\/image\/","url":"https:\/\/secure.gravatar.com\/avatar\/f93affaca0f09482724ddae484663a4f3c4ca1739f622706b2393e103eca6392?s=96&d=mm&r=g","contentUrl":"https:\/\/secure.gravatar.com\/avatar\/f93affaca0f09482724ddae484663a4f3c4ca1739f622706b2393e103eca6392?s=96&d=mm&r=g","caption":"m.polastri"},"url":"https:\/\/farmoderm.it\/pl\/author\/m-polastri\/"}]}},"_links":{"self":[{"href":"https:\/\/farmoderm.it\/pl\/wp-json\/wp\/v2\/posts\/6787","targetHints":{"allow":["GET"]}}],"collection":[{"href":"https:\/\/farmoderm.it\/pl\/wp-json\/wp\/v2\/posts"}],"about":[{"href":"https:\/\/farmoderm.it\/pl\/wp-json\/wp\/v2\/types\/post"}],"author":[{"embeddable":true,"href":"https:\/\/farmoderm.it\/pl\/wp-json\/wp\/v2\/users\/3"}],"replies":[{"embeddable":true,"href":"https:\/\/farmoderm.it\/pl\/wp-json\/wp\/v2\/comments?post=6787"}],"version-history":[{"count":0,"href":"https:\/\/farmoderm.it\/pl\/wp-json\/wp\/v2\/posts\/6787\/revisions"}],"wp:attachment":[{"href":"https:\/\/farmoderm.it\/pl\/wp-json\/wp\/v2\/media?parent=6787"}],"wp:term":[{"taxonomy":"category","embeddable":true,"href":"https:\/\/farmoderm.it\/pl\/wp-json\/wp\/v2\/categories?post=6787"},{"taxonomy":"post_tag","embeddable":true,"href":"https:\/\/farmoderm.it\/pl\/wp-json\/wp\/v2\/tags?post=6787"}],"curies":[{"name":"wp","href":"https:\/\/api.w.org\/{rel}","templated":true}]}}