{"id":6794,"date":"2026-02-11T10:43:51","date_gmt":"2026-02-11T10:43:51","guid":{"rendered":"https:\/\/farmoderm.it\/sucha-skora-zima-jak-ja-chronic-malymi-codziennymi-gestami\/"},"modified":"2026-02-11T10:43:51","modified_gmt":"2026-02-11T10:43:51","slug":"sucha-skora-zima-jak-ja-chronic-malymi-codziennymi-gestami","status":"publish","type":"post","link":"https:\/\/farmoderm.it\/pl\/sucha-skora-zima-jak-ja-chronic-malymi-codziennymi-gestami\/","title":{"rendered":"Sucha sk\u00f3ra zim\u0105: jak j\u0105 chroni\u0107 ma\u0142ymi codziennymi gestami?"},"content":{"rendered":"<p>Wraz z nadej\u015bciem zimy sk\u00f3ra cz\u0119sto jako jedna z pierwszych odczuwa zmiany sezonowe. Nie jest to tylko odczucie estetyczne, ale naturalna reakcja na zestaw czynnik\u00f3w \u015brodowiskowych, kt\u00f3re podwa\u017caj\u0105 jej r\u00f3wnowag\u0119. Zimno, wiatr, zmiany temperatury mi\u0119dzy \u015brodowiskiem zewn\u0119trznym a ogrzewanym wn\u0119trzem testuj\u0105 jej naturaln\u0105 zdolno\u015b\u0107 ochronn\u0105, os\u0142abiaj\u0105c barier\u0119 sk\u00f3rn\u0105 i zmniejszaj\u0105c zdolno\u015b\u0107 sk\u00f3ry do zatrzymywania wody. Rezultat? Zrozumienie tego, co dzieje si\u0119 ze sk\u00f3r\u0105 w tym sezonie, jest pierwszym krokiem do bardziej \u015bwiadomej piel\u0119gnacji. Zim\u0105 nie ma potrzeby stosowania agresywnych rozwi\u0105za\u0144 lub drastycznych zmian: skuteczniej jest <b>s\u0142ucha\u0107 sygna\u0142\u00f3w<\/b> sk\u00f3ry i reagowa\u0107 ma\u0142ymi, prostymi i ukierunkowanymi codziennymi gestami. Podej\u015bcie oparte na uwa\u017cno\u015bci, szacunku i ci\u0105g\u0142o\u015bci, kt\u00f3re zawsze kierowa\u0142o <b>sposobem<\/b> piel\u0119gnacji <b>Farmoderm<\/b>.      <\/p>\n<p>Czas czytania: 5 minut<\/p>\n<h2><strong>Indeks:<\/strong><\/h2>\n<ol>\n<li style=\"font-weight: 400;\" aria-level=\"1\"><a href=\"#s1\"><span style=\"font-weight: 400;\">Dlaczego sk\u00f3ra cierpi bardziej zim\u0105<\/span><\/a><\/li>\n<li style=\"font-weight: 400;\" aria-level=\"1\"><a href=\"#s2\"><span style=\"font-weight: 400;\">Sygna\u0142y, kt\u00f3rych nale\u017cy nas\u0142uchiwa\u0107<\/span><\/a><\/li>\n<li style=\"font-weight: 400;\" aria-level=\"1\"><a href=\"#s3\"><span style=\"font-weight: 400;\">Znaczenie niezb\u0119dnej rutyny<\/span><\/a><\/li>\n<li style=\"font-weight: 400;\" aria-level=\"1\"><a href=\"#s4\"><span style=\"font-weight: 400;\">Sk\u0142adniki i tekstury, kt\u00f3re naprawd\u0119 pomagaj\u0105<\/span><\/a><\/li>\n<li style=\"font-weight: 400;\" aria-level=\"1\"><a href=\"#s5\"><span style=\"font-weight: 400;\">Zalecane produkty<\/span><\/a><\/li>\n<li aria-level=\"1\"><a href=\"#s6\">Zalecenia dotycz\u0105ce czytania<\/a><\/li>\n<\/ol>\n<p><span style=\"font-weight: 400;\"> <img fetchpriority=\"high\" decoding=\"async\" class=\"wp-image-3177 alignleft\" src=\"https:\/\/farmoderm.it\/wp-content\/uploads\/2026\/02\/pexels-mskin-pro-69421667-9496258-1-200x300.jpg\" alt=\"\" width=\"244\" height=\"366\" srcset=\"https:\/\/farmoderm.it\/wp-content\/uploads\/2026\/02\/pexels-mskin-pro-69421667-9496258-1-200x300.jpg 200w, https:\/\/farmoderm.it\/wp-content\/uploads\/2026\/02\/pexels-mskin-pro-69421667-9496258-1-683x1024.jpg 683w, https:\/\/farmoderm.it\/wp-content\/uploads\/2026\/02\/pexels-mskin-pro-69421667-9496258-1-768x1152.jpg 768w, https:\/\/farmoderm.it\/wp-content\/uploads\/2026\/02\/pexels-mskin-pro-69421667-9496258-1-1024x1536.jpg 1024w, https:\/\/farmoderm.it\/wp-content\/uploads\/2026\/02\/pexels-mskin-pro-69421667-9496258-1-1365x2048.jpg 1365w, https:\/\/farmoderm.it\/wp-content\/uploads\/2026\/02\/pexels-mskin-pro-69421667-9496258-1-scaled.jpg 1707w\" sizes=\"(max-width: 244px) 100vw, 244px\" \/><br \/>\n<\/span><\/p>\n<h2 id=\"s1\"><strong>1. Dlaczego sk\u00f3ra bardziej cierpi zim\u0105<\/strong><\/h2>\n<p><span style=\"font-weight: 400;\">Sk\u00f3ra jest chroniona przez naturaln\u0105 barier\u0119 z\u0142o\u017con\u0105 z wody i lipid\u00f3w, kt\u00f3ra jest niezb\u0119dna do utrzymania nawil\u017cenia i obrony przed czynnikami zewn\u0119trznymi. Zim\u0105 bariera ta ma tendencj\u0119 do \u0142atwiejszego os\u0142abiania si\u0119. <\/span><\/p>\n<p><span style=\"font-weight: 400;\">Niskie temperatury spowalniaj\u0105 produkcj\u0119 sebum, a zimne, suche powietrze sprzyja odwodnieniu. Do tego dochodzi wiatr, kt\u00f3ry zwi\u0119ksza przeznask\u00f3rkow\u0105 utrat\u0119 wody i ogrzewane \u015brodowiska, kt\u00f3re cz\u0119sto maj\u0105 nisk\u0105 wilgotno\u015b\u0107. Cz\u0119ste mycie lub zbyt agresywne \u015brodki czyszcz\u0105ce mog\u0105 r\u00f3wnie\u017c dodatkowo narusza\u0107 warstw\u0119 hydrolipidow\u0105.  <\/span><\/p>\n<p><span style=\"font-weight: 400;\">Dlatego nie jest rzadko\u015bci\u0105, \u017ce w ch\u0142odniejszych miesi\u0105cach nawet osoby, kt\u00f3re zwykle nie cierpi\u0105 z powodu suchej sk\u00f3ry, zaczynaj\u0105 odczuwa\u0107 dyskomfort, sucho\u015b\u0107 lub podra\u017cnienie. Z tego powodu zima to idealny czas, aby przemy\u015ble\u0107 swoj\u0105 rutyn\u0119 w bardziej istotny i pe\u0142en szacunku spos\u00f3b, wybieraj\u0105c gesty i produkty, kt\u00f3re pomagaj\u0105 sk\u00f3rze odzyska\u0107 r\u00f3wnowag\u0119 i komfort, nie obci\u0105\u017caj\u0105c jej. <\/span><\/p>\n<p>&nbsp;<\/p>\n<h2><\/h2>\n<h2 id=\"s2\"><strong>2. Sygna\u0142y, kt\u00f3rych nale\u017cy nas\u0142uchiwa\u0107<\/strong><\/h2>\n<p><span style=\"font-weight: 400;\">Sk\u00f3ra wyra\u017anie komunikuje, kiedy potrzebuje uwagi, szczeg\u00f3lnie w miesi\u0105cach zimowych. Niekt\u00f3re sygna\u0142y s\u0105 natychmiastowe, inne bardziej subtelne, ale wszystkie zas\u0142uguj\u0105 na uwag\u0119.<\/span><b> wys\u0142uchanie<\/b><span style=\"font-weight: 400;\">.<\/span><\/p>\n<p><span style=\"font-weight: 400;\">Uczucie<\/span><b> ci\u0105gni\u0119cia sk\u00f3ry<\/b><span style=\"font-weight: 400;\"> po oczyszczeniu jest cz\u0119sto jednym z pierwszych sygna\u0142\u00f3w alarmowych. Nast\u0119pnie mog\u0105 pojawi\u0107 si\u0119 nast\u0119puj\u0105ce objawy <\/span><b>rozproszona lub miejscowa sucho\u015b\u0107<\/b><span style=\"font-weight: 400;\">obszary, kt\u00f3re s\u0105 bardziej szorstkie w dotyku, zaczerwienienie, zwi\u0119kszona <\/span><b>zwi\u0119kszona wra\u017cliwo\u015b\u0107<\/b><span style=\"font-weight: 400;\"> lub<\/span><b> utrata elastyczno\u015bci<\/b><span style=\"font-weight: 400;\"> i komfort.<\/span><\/p>\n<p><span style=\"font-weight: 400;\">Rozpoznanie tych znak\u00f3w jest pierwszym krokiem do \u015bwiadomej interwencji <\/span><b>\u015bwiadomej interwencji<\/b><span style=\"font-weight: 400;\">zanim dyskomfort stanie si\u0119 bardziej uporczywy. Zim\u0105, <\/span><b>kluczem nie jest robienie wi\u0119cej, ale robienie lepiej<\/b><span style=\"font-weight: 400;\">wybra\u0107 ukierunkowane gesty i produkty, kt\u00f3re szanuj\u0105 sk\u00f3r\u0119 i towarzysz\u0105 jej w d\u0105\u017ceniu do nowej r\u00f3wnowagi.<\/span><\/p>\n<p>&nbsp;<\/p>\n<h2 id=\"s3\"><strong>3. Znaczenie podstawowej rutyny<\/strong><\/h2>\n<p><span style=\"font-weight: 400;\">Zim\u0105 skuteczna rutyna piel\u0119gnacji sk\u00f3ry nie musi by\u0107 skomplikowana: wr\u0119cz przeciwnie, <\/span><b>prostota jest cz\u0119sto najlepszym wyborem<\/b><span style=\"font-weight: 400;\">. A <\/span><b>delikatne oczyszczanie<\/b><span style=\"font-weight: 400;\">kt\u00f3re nie zuba\u017ca bariery ochronnej sk\u00f3ry, a nast\u0119pnie zabieg <\/span><b>zabieg nawil\u017caj\u0105cy<\/b> <b>i zabieg zmi\u0119kczaj\u0105cy<\/b><span style=\"font-weight: 400;\">mo\u017ce pom\u00f3c sk\u00f3rze odzyska\u0107 komfort i ochron\u0119.<\/span><span style=\"font-weight: 400;\"><br \/>\n<\/span><span style=\"font-weight: 400;\">La <\/span><b>sta\u0142o\u015b\u0107 <\/b><span style=\"font-weight: 400;\">jest tym, co naprawd\u0119 robi r\u00f3\u017cnic\u0119. Powtarzanie tych samych gest\u00f3w ka\u017cdego dnia, przy u\u017cyciu produkt\u00f3w odpowiednich do codziennego u\u017cytku, pozwala sk\u00f3rze stopniowo odzyska\u0107 r\u00f3wnowag\u0119.<\/span><\/p>\n<p>&nbsp;<\/p>\n<h2 id=\"s4\"><strong>4. Sk\u0142adniki i tekstury, kt\u00f3re naprawd\u0119 pomagaj\u0105<\/strong><\/h2>\n<p>&nbsp;<\/p>\n<p><img decoding=\"async\" class=\" wp-image-3173 aligncenter\" src=\"https:\/\/farmoderm.it\/wp-content\/uploads\/2026\/02\/pexels-shvets-production-9774615-300x200.jpg\" alt=\"\" width=\"612\" height=\"408\" srcset=\"https:\/\/farmoderm.it\/wp-content\/uploads\/2026\/02\/pexels-shvets-production-9774615-300x200.jpg 300w, https:\/\/farmoderm.it\/wp-content\/uploads\/2026\/02\/pexels-shvets-production-9774615-1024x683.jpg 1024w, https:\/\/farmoderm.it\/wp-content\/uploads\/2026\/02\/pexels-shvets-production-9774615-768x512.jpg 768w, https:\/\/farmoderm.it\/wp-content\/uploads\/2026\/02\/pexels-shvets-production-9774615-1536x1024.jpg 1536w, https:\/\/farmoderm.it\/wp-content\/uploads\/2026\/02\/pexels-shvets-production-9774615-2048x1365.jpg 2048w\" sizes=\"(max-width: 612px) 100vw, 612px\" \/><\/p>\n<p>&nbsp;<\/p>\n<p><span style=\"font-weight: 400;\">Nie wszystkie preparaty reaguj\u0105 w ten sam spos\u00f3b na potrzeby sk\u00f3ry zim\u0105. Na tym etapie warto preferowa\u0107 <\/span><b>sk\u0142adniki o dzia\u0142aniu nawil\u017caj\u0105cym<\/b><span style=\"font-weight: 400;\">, <\/span><b>zmi\u0119kczaj\u0105ce i \u0142agodz\u0105ce<\/b><span style=\"font-weight: 400;\">kt\u00f3re pomagaj\u0105 sk\u00f3rze zatrzyma\u0107 wod\u0119 i wspieraj\u0105 barier\u0119 sk\u00f3rn\u0105. Wsparcie lipidowe jest niezb\u0119dne do zmniejszenia uczucia sucho\u015bci i poprawy komfortu ka\u017cdego dnia. <\/span> <\/p>\n<p><span style=\"font-weight: 400;\">Tekstura r\u00f3wnie\u017c odgrywa wa\u017cn\u0105 rol\u0119: mi\u0119kkie, zmi\u0119kczaj\u0105ce kremy lub dermooleje zapewniaj\u0105 d\u0142ugotrwa\u0142\u0105, otulaj\u0105c\u0105 ochron\u0119 bez okluzji i ci\u0119\u017cko\u015bci. W ten spos\u00f3b dobrze zbilansowane formu\u0142y promuj\u0105 komfort i mi\u0119kko\u015b\u0107, pomagaj\u0105c sk\u00f3rze broni\u0107 si\u0119 przed czynnikami zewn\u0119trznymi typowymi dla zimnych miesi\u0119cy.   <\/span><\/p>\n<p><span style=\"font-weight: 400;\">Zim\u0105 wyb\u00f3r odpowiedniego produktu nie zale\u017cy od ilo\u015bci, ale od jako\u015bci i dopasowania do potrzeb sk\u00f3ry. Wygodne konsystencje i przyjazne dla sk\u00f3ry formu\u0142y sprawiaj\u0105, \u017ce gesty piel\u0119gnacyjne s\u0105 prostsze i trwalsze w czasie, sprzyjaj\u0105c konsekwentnej i pe\u0142nej szacunku codziennej rutynie. <\/span><\/p>\n<p><a href=\"https:\/\/farmoderm.shop\/principi-attivi\"><span style=\"font-weight: 400;\">Odkryj nasze aktywne sk\u0142adniki<\/span><\/a><\/p>\n<p>&nbsp;<\/p>\n<h2 id=\"s5\"><strong>5. Zalecane produkty na zimow\u0105 rutyn\u0119<\/strong><\/h2>\n<p><span style=\"font-weight: 400;\">Aby towarzyszy\u0107 sk\u00f3rze podczas zimnych miesi\u0119cy, istniej\u0105 rozwi\u0105zania opracowane w celu zapewnienia komfortu i ochrony bez po\u015bwi\u0119cania \u0142atwo\u015bci u\u017cytkowania:<\/span><\/p>\n<ul>\n<li style=\"font-weight: 400;\" aria-level=\"1\"><a href=\"https:\/\/farmoderm.shop\/prodotto\/bioderm-biodermocosmetici-dermocrema-crema-dermoattiva-innovativa-per-pelle-secca\"><b>Bioderm Dermoactive Cream<\/b><b><br \/>\n<\/b><\/a><span style=\"font-weight: 400;\">Krem o dzia\u0142aniu zmi\u0119kczaj\u0105cym i od\u017cywczym, przeznaczony do piel\u0119gnacji sk\u00f3ry suchej i wra\u017cliwej, pomagaj\u0105cy odbudowa\u0107 warstw\u0119 hydrolipidow\u0105.<\/span><\/li>\n<li style=\"font-weight: 400;\" aria-level=\"1\"><a href=\"https:\/\/farmoderm.shop\/prodotto\/farmoderm-sensiderm-dermocrema-polifunzionale\"><b>Sensiderm Dermocream Multifunctional<\/b><b><br \/>\n<\/b><\/a><span style=\"font-weight: 400;\">Wszechstronne rozwi\u0105zanie do twarzy i cia\u0142a, odpowiednie do codziennego nawil\u017cania wra\u017cliwej sk\u00f3ry, nawet w przypadku wyra\u017anej sucho\u015bci.<\/span><\/li>\n<li style=\"font-weight: 400;\" aria-level=\"1\"><a href=\"https:\/\/farmoderm.shop\/prodotto\/bioderm-dermoleato-olio-eudermico-emolliente\"><b>Bioderm Dermoleate Emollient Eudermic Oil &#8211; Emolientowy olejek nawil\u017caj\u0105cy<\/b><b><br \/>\n<\/b><\/a><span style=\"font-weight: 400;\">Idealny olejek po oczyszczaniu, pomaga utrzyma\u0107 sk\u00f3r\u0119 mi\u0119kk\u0105 i elastyczn\u0105, oferuj\u0105c skuteczn\u0105 ochron\u0119 przed odwodnieniem.<\/span><\/li>\n<\/ul>\n<p><span style=\"font-weight: 400;\">W\u0142\u0105czone do prostej i sp\u00f3jnej codziennej rutyny, produkty te mog\u0105 pom\u00f3c poprawi\u0107 komfort sk\u00f3ry w okresie zimowym, wspieraj\u0105c sk\u00f3r\u0119 w okresach zwi\u0119kszonej sucho\u015bci i pomagaj\u0105c jej odzyska\u0107 mi\u0119kko\u015b\u0107 i elastyczno\u015b\u0107.<\/span><\/p>\n<blockquote>\n<h3><span style=\"font-weight: 400;\">Ma\u0142e gesty, ka\u017cdego dnia<\/span><\/h3>\n<\/blockquote>\n<p><span style=\"font-weight: 400;\">Ochrona sk\u00f3ry zim\u0105 nie oznacza zmiany przyzwyczaje\u0144, ale staranny wyb\u00f3r gest\u00f3w i formu\u0142 dostosowanych do tej pory roku. Niezb\u0119dna rutyna oparta na ukierunkowanych sk\u0142adnikach i delikatnym podej\u015bciu mo\u017ce pom\u00f3c sk\u00f3rze stawi\u0107 czo\u0142a zimnym miesi\u0105com z wi\u0119ksz\u0105 r\u00f3wnowag\u0105, dzie\u0144 po dniu. <\/span><\/p>\n<p><span style=\"font-weight: 400;\">Dbanie o sk\u00f3r\u0119 to przede wszystkim kwestia s\u0142uchania, ci\u0105g\u0142o\u015bci i szacunku: ma\u0142e codzienne gesty, kt\u00f3re z czasem robi\u0105 r\u00f3\u017cnic\u0119<\/span><\/p>\n<p>&nbsp;<\/p>\n<h2 id=\"s6\"><strong>Zalecenia dotycz\u0105ce czytania<\/strong><\/h2>\n<p><span style=\"font-weight: 400;\">Je\u015bli chcesz dowiedzie\u0107 si\u0119 wi\u0119cej o podej\u015bciu Farmoderm do codziennej piel\u0119gnacji, oto kilka wskaz\u00f3wek:<\/span><\/p>\n<ul>\n<li style=\"font-weight: 400;\" aria-level=\"1\"><a href=\"https:\/\/farmoderm.it\/pl\/higiena-i-dobre-samopoczucie-twoich-bliskich-metoda-farmoderm-zapewniajaca-delikatna-i-bezpieczna-pielegnacje\/\"><span style=\"font-weight: 400;\">Higiena i dobre samopoczucie Twoich bliskich: metoda Farmoderm zapewniaj\u0105ca delikatn\u0105 i bezpieczn\u0105 piel\u0119gnacj\u0119<\/span><\/a><\/li>\n<li style=\"font-weight: 400;\" aria-level=\"1\"><a href=\"https:\/\/farmoderm.it\/pl\/dlaczego-osoby-starsze-najbardziej-cierpia-z-powodu-zimna\/\"><span style=\"font-weight: 400;\">Dlaczego osoby starsze najbardziej cierpi\u0105 z powodu zimna<\/span><\/a><span style=\"font-weight: 400;\">.<\/span><\/li>\n<\/ul>\n","protected":false},"excerpt":{"rendered":"<p>Wraz z nadej\u015bciem zimy sk\u00f3ra cz\u0119sto jako jedna z pierwszych odczuwa zmiany sezonowe. Nie jest to tylko odczucie estetyczne, ale naturalna reakcja na zestaw czynnik\u00f3w \u015brodowiskowych, kt\u00f3re podwa\u017caj\u0105 jej r\u00f3wnowag\u0119. Zimno, wiatr, zmiany temperatury mi\u0119dzy \u015brodowiskiem zewn\u0119trznym a ogrzewanym wn\u0119trzem testuj\u0105 jej naturaln\u0105 zdolno\u015b\u0107 ochronn\u0105, os\u0142abiaj\u0105c barier\u0119 sk\u00f3rn\u0105 i zmniejszaj\u0105c zdolno\u015b\u0107 sk\u00f3ry do zatrzymywania wody. [&hellip;]<\/p>\n","protected":false},"author":4,"featured_media":0,"comment_status":"closed","ping_status":"open","sticky":false,"template":"","format":"standard","meta":{"footnotes":""},"categories":[76,79,69],"tags":[],"class_list":["post-6794","post","type-post","status-publish","format-standard","hentry","category-pielegnacja-skory","category-pielegnacja-skory-2","category-wskazowki-i-porady"],"yoast_head":"<!-- This site is optimized with the Yoast SEO plugin v27.1.1 - https:\/\/yoast.com\/product\/yoast-seo-wordpress\/ -->\n<title>Sucha sk\u00f3ra zim\u0105: jak j\u0105 chroni\u0107 ma\u0142ymi codziennymi gestami? - Farmoderm.it<\/title>\n<meta name=\"robots\" content=\"index, follow, max-snippet:-1, max-image-preview:large, max-video-preview:-1\" \/>\n<link rel=\"canonical\" href=\"https:\/\/farmoderm.it\/pl\/sucha-skora-zima-jak-ja-chronic-malymi-codziennymi-gestami\/\" \/>\n<meta property=\"og:locale\" content=\"pl_PL\" \/>\n<meta property=\"og:type\" content=\"article\" \/>\n<meta property=\"og:title\" content=\"Sucha sk\u00f3ra zim\u0105: jak j\u0105 chroni\u0107 ma\u0142ymi codziennymi gestami? - Farmoderm.it\" \/>\n<meta property=\"og:description\" content=\"Wraz z nadej\u015bciem zimy sk\u00f3ra cz\u0119sto jako jedna z pierwszych odczuwa zmiany sezonowe. Nie jest to tylko odczucie estetyczne, ale naturalna reakcja na zestaw czynnik\u00f3w \u015brodowiskowych, kt\u00f3re podwa\u017caj\u0105 jej r\u00f3wnowag\u0119. Zimno, wiatr, zmiany temperatury mi\u0119dzy \u015brodowiskiem zewn\u0119trznym a ogrzewanym wn\u0119trzem testuj\u0105 jej naturaln\u0105 zdolno\u015b\u0107 ochronn\u0105, os\u0142abiaj\u0105c barier\u0119 sk\u00f3rn\u0105 i zmniejszaj\u0105c zdolno\u015b\u0107 sk\u00f3ry do zatrzymywania wody. [&hellip;]\" \/>\n<meta property=\"og:url\" content=\"https:\/\/farmoderm.it\/pl\/sucha-skora-zima-jak-ja-chronic-malymi-codziennymi-gestami\/\" \/>\n<meta property=\"og:site_name\" content=\"Farmoderm.it\" \/>\n<meta property=\"article:published_time\" content=\"2026-02-11T10:43:51+00:00\" \/>\n<meta property=\"og:image\" content=\"https:\/\/farmoderm.it\/wp-content\/uploads\/2026\/02\/pexels-mskin-pro-69421667-9496258-1-scaled.jpg\" \/>\n\t<meta property=\"og:image:width\" content=\"1707\" \/>\n\t<meta property=\"og:image:height\" content=\"2560\" \/>\n\t<meta property=\"og:image:type\" content=\"image\/jpeg\" \/>\n<meta name=\"author\" content=\"ops.stractegy@gmail.com\" \/>\n<meta name=\"twitter:card\" content=\"summary_large_image\" \/>\n<meta name=\"twitter:label1\" content=\"Napisane przez\" \/>\n\t<meta name=\"twitter:data1\" content=\"ops.stractegy@gmail.com\" \/>\n\t<meta name=\"twitter:label2\" content=\"Szacowany czas czytania\" \/>\n\t<meta name=\"twitter:data2\" content=\"5 minut\" \/>\n<script type=\"application\/ld+json\" class=\"yoast-schema-graph\">{\"@context\":\"https:\/\/schema.org\",\"@graph\":[{\"@type\":\"Article\",\"@id\":\"https:\/\/farmoderm.it\/pl\/sucha-skora-zima-jak-ja-chronic-malymi-codziennymi-gestami\/#article\",\"isPartOf\":{\"@id\":\"https:\/\/farmoderm.it\/pl\/sucha-skora-zima-jak-ja-chronic-malymi-codziennymi-gestami\/\"},\"author\":{\"name\":\"ops.stractegy@gmail.com\",\"@id\":\"https:\/\/farmoderm.it\/pl\/#\/schema\/person\/130c01e7f8fb151766bfe75d1e09a323\"},\"headline\":\"Sucha sk\u00f3ra zim\u0105: jak j\u0105 chroni\u0107 ma\u0142ymi codziennymi gestami?\",\"datePublished\":\"2026-02-11T10:43:51+00:00\",\"mainEntityOfPage\":{\"@id\":\"https:\/\/farmoderm.it\/pl\/sucha-skora-zima-jak-ja-chronic-malymi-codziennymi-gestami\/\"},\"wordCount\":1057,\"image\":{\"@id\":\"https:\/\/farmoderm.it\/pl\/sucha-skora-zima-jak-ja-chronic-malymi-codziennymi-gestami\/#primaryimage\"},\"thumbnailUrl\":\"https:\/\/farmoderm.it\/wp-content\/uploads\/2026\/02\/pexels-mskin-pro-69421667-9496258-1-200x300.jpg\",\"articleSection\":[\"Piel\u0119gnacja sk\u00f3ry\",\"Piel\u0119gnacja sk\u00f3ry\",\"Wskaz\u00f3wki i porady\"],\"inLanguage\":\"pl-PL\"},{\"@type\":\"WebPage\",\"@id\":\"https:\/\/farmoderm.it\/pl\/sucha-skora-zima-jak-ja-chronic-malymi-codziennymi-gestami\/\",\"url\":\"https:\/\/farmoderm.it\/pl\/sucha-skora-zima-jak-ja-chronic-malymi-codziennymi-gestami\/\",\"name\":\"Sucha sk\u00f3ra zim\u0105: jak j\u0105 chroni\u0107 ma\u0142ymi codziennymi gestami? - Farmoderm.it\",\"isPartOf\":{\"@id\":\"https:\/\/farmoderm.it\/pl\/#website\"},\"primaryImageOfPage\":{\"@id\":\"https:\/\/farmoderm.it\/pl\/sucha-skora-zima-jak-ja-chronic-malymi-codziennymi-gestami\/#primaryimage\"},\"image\":{\"@id\":\"https:\/\/farmoderm.it\/pl\/sucha-skora-zima-jak-ja-chronic-malymi-codziennymi-gestami\/#primaryimage\"},\"thumbnailUrl\":\"https:\/\/farmoderm.it\/wp-content\/uploads\/2026\/02\/pexels-mskin-pro-69421667-9496258-1-200x300.jpg\",\"datePublished\":\"2026-02-11T10:43:51+00:00\",\"author\":{\"@id\":\"https:\/\/farmoderm.it\/pl\/#\/schema\/person\/130c01e7f8fb151766bfe75d1e09a323\"},\"breadcrumb\":{\"@id\":\"https:\/\/farmoderm.it\/pl\/sucha-skora-zima-jak-ja-chronic-malymi-codziennymi-gestami\/#breadcrumb\"},\"inLanguage\":\"pl-PL\",\"potentialAction\":[{\"@type\":\"ReadAction\",\"target\":[\"https:\/\/farmoderm.it\/pl\/sucha-skora-zima-jak-ja-chronic-malymi-codziennymi-gestami\/\"]}]},{\"@type\":\"ImageObject\",\"inLanguage\":\"pl-PL\",\"@id\":\"https:\/\/farmoderm.it\/pl\/sucha-skora-zima-jak-ja-chronic-malymi-codziennymi-gestami\/#primaryimage\",\"url\":\"https:\/\/farmoderm.it\/wp-content\/uploads\/2026\/02\/pexels-mskin-pro-69421667-9496258-1-200x300.jpg\",\"contentUrl\":\"https:\/\/farmoderm.it\/wp-content\/uploads\/2026\/02\/pexels-mskin-pro-69421667-9496258-1-200x300.jpg\"},{\"@type\":\"BreadcrumbList\",\"@id\":\"https:\/\/farmoderm.it\/pl\/sucha-skora-zima-jak-ja-chronic-malymi-codziennymi-gestami\/#breadcrumb\",\"itemListElement\":[{\"@type\":\"ListItem\",\"position\":1,\"name\":\"Home\",\"item\":\"https:\/\/farmoderm.it\/pl\/strona-glowna\/\"},{\"@type\":\"ListItem\",\"position\":2,\"name\":\"Sucha sk\u00f3ra zim\u0105: jak j\u0105 chroni\u0107 ma\u0142ymi codziennymi gestami?\"}]},{\"@type\":\"WebSite\",\"@id\":\"https:\/\/farmoderm.it\/pl\/#website\",\"url\":\"https:\/\/farmoderm.it\/pl\/\",\"name\":\"Farmoderm.it\",\"description\":\"\",\"potentialAction\":[{\"@type\":\"SearchAction\",\"target\":{\"@type\":\"EntryPoint\",\"urlTemplate\":\"https:\/\/farmoderm.it\/pl\/?s={search_term_string}\"},\"query-input\":{\"@type\":\"PropertyValueSpecification\",\"valueRequired\":true,\"valueName\":\"search_term_string\"}}],\"inLanguage\":\"pl-PL\"},{\"@type\":\"Person\",\"@id\":\"https:\/\/farmoderm.it\/pl\/#\/schema\/person\/130c01e7f8fb151766bfe75d1e09a323\",\"name\":\"ops.stractegy@gmail.com\",\"image\":{\"@type\":\"ImageObject\",\"inLanguage\":\"pl-PL\",\"@id\":\"https:\/\/farmoderm.it\/pl\/#\/schema\/person\/image\/\",\"url\":\"https:\/\/secure.gravatar.com\/avatar\/2ed1ff407a8f507fe346038a64637c810030930d858cbfc05deb27d226930475?s=96&d=mm&r=g\",\"contentUrl\":\"https:\/\/secure.gravatar.com\/avatar\/2ed1ff407a8f507fe346038a64637c810030930d858cbfc05deb27d226930475?s=96&d=mm&r=g\",\"caption\":\"ops.stractegy@gmail.com\"},\"url\":\"https:\/\/farmoderm.it\/pl\/author\/ops-stractegygmail-com\/\"}]}<\/script>\n<!-- \/ Yoast SEO plugin. -->","yoast_head_json":{"title":"Sucha sk\u00f3ra zim\u0105: jak j\u0105 chroni\u0107 ma\u0142ymi codziennymi gestami? - Farmoderm.it","robots":{"index":"index","follow":"follow","max-snippet":"max-snippet:-1","max-image-preview":"max-image-preview:large","max-video-preview":"max-video-preview:-1"},"canonical":"https:\/\/farmoderm.it\/pl\/sucha-skora-zima-jak-ja-chronic-malymi-codziennymi-gestami\/","og_locale":"pl_PL","og_type":"article","og_title":"Sucha sk\u00f3ra zim\u0105: jak j\u0105 chroni\u0107 ma\u0142ymi codziennymi gestami? - Farmoderm.it","og_description":"Wraz z nadej\u015bciem zimy sk\u00f3ra cz\u0119sto jako jedna z pierwszych odczuwa zmiany sezonowe. Nie jest to tylko odczucie estetyczne, ale naturalna reakcja na zestaw czynnik\u00f3w \u015brodowiskowych, kt\u00f3re podwa\u017caj\u0105 jej r\u00f3wnowag\u0119. Zimno, wiatr, zmiany temperatury mi\u0119dzy \u015brodowiskiem zewn\u0119trznym a ogrzewanym wn\u0119trzem testuj\u0105 jej naturaln\u0105 zdolno\u015b\u0107 ochronn\u0105, os\u0142abiaj\u0105c barier\u0119 sk\u00f3rn\u0105 i zmniejszaj\u0105c zdolno\u015b\u0107 sk\u00f3ry do zatrzymywania wody. [&hellip;]","og_url":"https:\/\/farmoderm.it\/pl\/sucha-skora-zima-jak-ja-chronic-malymi-codziennymi-gestami\/","og_site_name":"Farmoderm.it","article_published_time":"2026-02-11T10:43:51+00:00","og_image":[{"width":1707,"height":2560,"url":"https:\/\/farmoderm.it\/wp-content\/uploads\/2026\/02\/pexels-mskin-pro-69421667-9496258-1-scaled.jpg","type":"image\/jpeg"}],"author":"ops.stractegy@gmail.com","twitter_card":"summary_large_image","twitter_misc":{"Napisane przez":"ops.stractegy@gmail.com","Szacowany czas czytania":"5 minut"},"schema":{"@context":"https:\/\/schema.org","@graph":[{"@type":"Article","@id":"https:\/\/farmoderm.it\/pl\/sucha-skora-zima-jak-ja-chronic-malymi-codziennymi-gestami\/#article","isPartOf":{"@id":"https:\/\/farmoderm.it\/pl\/sucha-skora-zima-jak-ja-chronic-malymi-codziennymi-gestami\/"},"author":{"name":"ops.stractegy@gmail.com","@id":"https:\/\/farmoderm.it\/pl\/#\/schema\/person\/130c01e7f8fb151766bfe75d1e09a323"},"headline":"Sucha sk\u00f3ra zim\u0105: jak j\u0105 chroni\u0107 ma\u0142ymi codziennymi gestami?","datePublished":"2026-02-11T10:43:51+00:00","mainEntityOfPage":{"@id":"https:\/\/farmoderm.it\/pl\/sucha-skora-zima-jak-ja-chronic-malymi-codziennymi-gestami\/"},"wordCount":1057,"image":{"@id":"https:\/\/farmoderm.it\/pl\/sucha-skora-zima-jak-ja-chronic-malymi-codziennymi-gestami\/#primaryimage"},"thumbnailUrl":"https:\/\/farmoderm.it\/wp-content\/uploads\/2026\/02\/pexels-mskin-pro-69421667-9496258-1-200x300.jpg","articleSection":["Piel\u0119gnacja sk\u00f3ry","Piel\u0119gnacja sk\u00f3ry","Wskaz\u00f3wki i porady"],"inLanguage":"pl-PL"},{"@type":"WebPage","@id":"https:\/\/farmoderm.it\/pl\/sucha-skora-zima-jak-ja-chronic-malymi-codziennymi-gestami\/","url":"https:\/\/farmoderm.it\/pl\/sucha-skora-zima-jak-ja-chronic-malymi-codziennymi-gestami\/","name":"Sucha sk\u00f3ra zim\u0105: jak j\u0105 chroni\u0107 ma\u0142ymi codziennymi gestami? - Farmoderm.it","isPartOf":{"@id":"https:\/\/farmoderm.it\/pl\/#website"},"primaryImageOfPage":{"@id":"https:\/\/farmoderm.it\/pl\/sucha-skora-zima-jak-ja-chronic-malymi-codziennymi-gestami\/#primaryimage"},"image":{"@id":"https:\/\/farmoderm.it\/pl\/sucha-skora-zima-jak-ja-chronic-malymi-codziennymi-gestami\/#primaryimage"},"thumbnailUrl":"https:\/\/farmoderm.it\/wp-content\/uploads\/2026\/02\/pexels-mskin-pro-69421667-9496258-1-200x300.jpg","datePublished":"2026-02-11T10:43:51+00:00","author":{"@id":"https:\/\/farmoderm.it\/pl\/#\/schema\/person\/130c01e7f8fb151766bfe75d1e09a323"},"breadcrumb":{"@id":"https:\/\/farmoderm.it\/pl\/sucha-skora-zima-jak-ja-chronic-malymi-codziennymi-gestami\/#breadcrumb"},"inLanguage":"pl-PL","potentialAction":[{"@type":"ReadAction","target":["https:\/\/farmoderm.it\/pl\/sucha-skora-zima-jak-ja-chronic-malymi-codziennymi-gestami\/"]}]},{"@type":"ImageObject","inLanguage":"pl-PL","@id":"https:\/\/farmoderm.it\/pl\/sucha-skora-zima-jak-ja-chronic-malymi-codziennymi-gestami\/#primaryimage","url":"https:\/\/farmoderm.it\/wp-content\/uploads\/2026\/02\/pexels-mskin-pro-69421667-9496258-1-200x300.jpg","contentUrl":"https:\/\/farmoderm.it\/wp-content\/uploads\/2026\/02\/pexels-mskin-pro-69421667-9496258-1-200x300.jpg"},{"@type":"BreadcrumbList","@id":"https:\/\/farmoderm.it\/pl\/sucha-skora-zima-jak-ja-chronic-malymi-codziennymi-gestami\/#breadcrumb","itemListElement":[{"@type":"ListItem","position":1,"name":"Home","item":"https:\/\/farmoderm.it\/pl\/strona-glowna\/"},{"@type":"ListItem","position":2,"name":"Sucha sk\u00f3ra zim\u0105: jak j\u0105 chroni\u0107 ma\u0142ymi codziennymi gestami?"}]},{"@type":"WebSite","@id":"https:\/\/farmoderm.it\/pl\/#website","url":"https:\/\/farmoderm.it\/pl\/","name":"Farmoderm.it","description":"","potentialAction":[{"@type":"SearchAction","target":{"@type":"EntryPoint","urlTemplate":"https:\/\/farmoderm.it\/pl\/?s={search_term_string}"},"query-input":{"@type":"PropertyValueSpecification","valueRequired":true,"valueName":"search_term_string"}}],"inLanguage":"pl-PL"},{"@type":"Person","@id":"https:\/\/farmoderm.it\/pl\/#\/schema\/person\/130c01e7f8fb151766bfe75d1e09a323","name":"ops.stractegy@gmail.com","image":{"@type":"ImageObject","inLanguage":"pl-PL","@id":"https:\/\/farmoderm.it\/pl\/#\/schema\/person\/image\/","url":"https:\/\/secure.gravatar.com\/avatar\/2ed1ff407a8f507fe346038a64637c810030930d858cbfc05deb27d226930475?s=96&d=mm&r=g","contentUrl":"https:\/\/secure.gravatar.com\/avatar\/2ed1ff407a8f507fe346038a64637c810030930d858cbfc05deb27d226930475?s=96&d=mm&r=g","caption":"ops.stractegy@gmail.com"},"url":"https:\/\/farmoderm.it\/pl\/author\/ops-stractegygmail-com\/"}]}},"_links":{"self":[{"href":"https:\/\/farmoderm.it\/pl\/wp-json\/wp\/v2\/posts\/6794","targetHints":{"allow":["GET"]}}],"collection":[{"href":"https:\/\/farmoderm.it\/pl\/wp-json\/wp\/v2\/posts"}],"about":[{"href":"https:\/\/farmoderm.it\/pl\/wp-json\/wp\/v2\/types\/post"}],"author":[{"embeddable":true,"href":"https:\/\/farmoderm.it\/pl\/wp-json\/wp\/v2\/users\/4"}],"replies":[{"embeddable":true,"href":"https:\/\/farmoderm.it\/pl\/wp-json\/wp\/v2\/comments?post=6794"}],"version-history":[{"count":0,"href":"https:\/\/farmoderm.it\/pl\/wp-json\/wp\/v2\/posts\/6794\/revisions"}],"wp:attachment":[{"href":"https:\/\/farmoderm.it\/pl\/wp-json\/wp\/v2\/media?parent=6794"}],"wp:term":[{"taxonomy":"category","embeddable":true,"href":"https:\/\/farmoderm.it\/pl\/wp-json\/wp\/v2\/categories?post=6794"},{"taxonomy":"post_tag","embeddable":true,"href":"https:\/\/farmoderm.it\/pl\/wp-json\/wp\/v2\/tags?post=6794"}],"curies":[{"name":"wp","href":"https:\/\/api.w.org\/{rel}","templated":true}]}}