{"id":6845,"date":"2026-01-20T10:34:22","date_gmt":"2026-01-20T10:34:22","guid":{"rendered":"https:\/\/farmoderm.it\/opiekunowie-niewidzialne-filary-naszego-spoleczenstwa\/"},"modified":"2026-01-20T10:34:22","modified_gmt":"2026-01-20T10:34:22","slug":"opiekunowie-niewidzialne-filary-naszego-spoleczenstwa","status":"publish","type":"post","link":"https:\/\/farmoderm.it\/pl\/opiekunowie-niewidzialne-filary-naszego-spoleczenstwa\/","title":{"rendered":"Opiekunowie: niewidzialne filary naszego spo\u0142ecze\u0144stwa"},"content":{"rendered":"<div class=\"entry-header\">\n<div class=\"post-meta\">\n<div><span data-path-to-node=\"0,1\"><span class=\"citation-123 interactive-span-hovered\">Bycie opiekunem to misja mi\u0142o\u015bci, kt\u00f3ra wspiera ca\u0142e spo\u0142ecze\u0144stwo, ale jest to \u015bcie\u017cka, kt\u00f3rej nie nale\u017cy podejmowa\u0107 w pojedynk\u0119<\/span><\/span><span data-path-to-node=\"0,3\">. <\/span><span data-path-to-node=\"0,5\"><span class=\"citation-122\">W tym przewodniku Farmoderm bada, kim s\u0105 opiekunowie, wyzwania emocjonalne, takie jak wypalenie zawodowe, oraz praktyczne strategie r\u00f3wnowa\u017cenia opieki i \u017cycia prywatnego, oferuj\u0105c zasoby i rozwi\u0105zania, kt\u00f3re wzmacniaj\u0105 tych, kt\u00f3rzy codziennie opiekuj\u0105 si\u0119 innymi.<\/span><\/span><span data-path-to-node=\"0,7\">.<\/span><\/div>\n<div><\/div>\n<h2 class=\"post-author-meta\">Indeks:<\/h2>\n<\/div>\n<\/div>\n<div class=\"entry-content\">\n<div id=\"tm-row-6984b91a6249e\" class=\"vc_row vc_row-outer vc_row-fluid\">\n<div id=\"tm-column-6984b91a63501\" class=\"wpb_column vc_column_container vc_col-sm-12\">\n<div class=\"vc_column-inner \">\n<div class=\"wpb_wrapper\">\n<div class=\"wpb_text_column wpb_content_element \">\n<div class=\"wpb_wrapper\">\n<ul>\n<li><a href=\"#s-1\">Kim s\u0105 opiekunowie?<\/a>\n<ul>\n<li><a href=\"#s-2\">Kim jest opiekun?<\/a><\/li>\n<li><a href=\"#s-3\">R\u00f3\u017cne rodzaje opiekun\u00f3w<\/a><\/li>\n<li><a href=\"#s-4\">Fundamentalna rola opiekuna w spo\u0142ecze\u0144stwie.<\/a><\/li>\n<li><a href=\"#s-5\">Wyzwania i nagrody w pracy opieku\u0144czej.<\/a><\/li>\n<\/ul>\n<\/li>\n<li><a href=\"#s-6\">Wyzwania zwi\u0105zane z opiek\u0105<\/a>\n<ul>\n<li><a href=\"#s-7\">Stres fizyczny i psychiczny opiekuna.<\/a><\/li>\n<li><a href=\"#s-8\">Obci\u0105\u017cenie emocjonalne i zarz\u0105dzanie wypaleniem zawodowym<\/a><\/li>\n<li><a href=\"#s-9\">Trudno\u015bci w pogodzeniu pracy z \u017cyciem prywatnym.<\/a><\/li>\n<li><a href=\"#s-10\">Izolacja spo\u0142eczna i brak wsparcia.<\/a><\/li>\n<\/ul>\n<\/li>\n<li><a href=\"#s-11\">Jak wspiera\u0107 opiekun\u00f3w<\/a>\n<ul>\n<li><a href=\"#s-12\">Strategie radzenia sobie ze stresem i wypaleniem zawodowym.<\/a><\/li>\n<li><a href=\"#s-13\">Wskaz\u00f3wki dotycz\u0105ce poprawy komunikacji z opiekunem.<\/a><\/li>\n<li><a href=\"#s-14\">Us\u0142ugi wsparcia dost\u0119pne dla opiekun\u00f3w.<\/a><\/li>\n<\/ul>\n<\/li>\n<li><a href=\"#s-15\">Rola Farmoderm we wspieraniu opiekun\u00f3w<\/a>\n<ul>\n<li><a href=\"#s-16\">Produkty i us\u0142ugi Farmoderm dla opiekun\u00f3w.<\/a><\/li>\n<li><a href=\"#s-17\">Zaanga\u017cowanie Farmoderm w popraw\u0119 jako\u015bci \u017cycia opiekun\u00f3w.<\/a><\/li>\n<\/ul>\n<\/li>\n<li><a href=\"#s-18\">Docenianie opiekuna<\/a>\n<ul>\n<li><a href=\"#s-19\">Znaczenie uznania i docenienia pracy opiekun\u00f3w.<\/a><\/li>\n<li><a href=\"#s-20\">Przydatne zasoby dla opiekun\u00f3w<\/a><\/li>\n<\/ul>\n<\/li>\n<\/ul>\n<\/div>\n<\/div>\n<\/div>\n<\/div>\n<\/div>\n<\/div>\n<div id=\"tm-row-6984b91a64192\" class=\"vc_row vc_row-outer vc_row-fluid\">\n<div id=\"tm-column-6984b91a6456a\" class=\"wpb_column vc_column_container vc_col-sm-12\">\n<div class=\"vc_column-inner \">\n<div class=\"wpb_wrapper\">\n<div class=\"vc_separator wpb_content_element vc_separator_align_center vc_sep_width_100 vc_sep_pos_align_center vc_separator_no_text vc_sep_color_grey vc_custom_1714381883546 vc_custom_1714381883546\"><\/div>\n<\/div>\n<\/div>\n<\/div>\n<\/div>\n<div id=\"t1\" class=\"vc_row vc_row-outer vc_row-fluid\">\n<div id=\"tm-column-6984b91a65ad7\" class=\"wpb_column vc_column_container vc_col-sm-12\">\n<div class=\"vc_column-inner \">\n<div class=\"wpb_wrapper\">\n<div id=\"tm-heading-6984b91a65f3e\" class=\"tm-heading left\">\n<h2 id=\"s-1\" class=\"heading\">Kim s\u0105 opiekunowie?<\/h2>\n<\/div>\n<\/div>\n<\/div>\n<\/div>\n<\/div>\n<div id=\"t1a\" class=\"vc_row vc_row-outer vc_row-fluid\">\n<div id=\"tm-column-6984b91a669e8\" class=\"wpb_column vc_column_container vc_col-sm-12\">\n<div class=\"vc_column-inner \">\n<div class=\"wpb_wrapper\">\n<div id=\"tm-spacer-6984b91a66d00\" class=\"tm-spacer\"><\/div>\n<div class=\"wpb_text_column wpb_content_element \">\n<div class=\"wpb_wrapper\">\n<h3 id=\"s-2\">Kim jest opiekun?<\/h3>\n<p>Opiekun to osoba, kt\u00f3ra zajmuje si\u0119 cz\u0142onkiem rodziny, przyjacielem lub, bardziej og\u00f3lnie, ka\u017cd\u0105 osob\u0105, kt\u00f3ra nie jest odpowiednio samowystarczalna z powodu choroby, niepe\u0142nosprawno\u015bci lub staro\u015bci. Termin &#8222;opiekun&#8221; pochodzi z j\u0119zyka angielskiego i oznacza &#8222;osob\u0119, kt\u00f3ra zapewnia opiek\u0119&#8221;.<br \/>\nSzacuje si\u0119, \u017ce we W\u0142oszech jest ponad 8 milion\u00f3w opiekun\u00f3w, z kt\u00f3rych wi\u0119kszo\u015b\u0107 stanowi\u0105 kobiety (oko\u0142o 70%).<\/p>\n<p>Cz\u0119sto termin &#8222;badante&#8221; jest u\u017cywany og\u00f3lnie w obecnym j\u0119zyku w\u0142oskim, z przyzwyczajenia lub zrozumia\u0142ej preferencji dla termin\u00f3w w\u0142asnego j\u0119zyka.<br \/>\nJednak termin &#8222;opiekun&#8221; obejmuje kilka kategorii os\u00f3b zajmuj\u0105cych si\u0119 wspieraniem osoby potrzebuj\u0105cej, podczas gdy posta\u0107 opiekuna ma swoj\u0105 specyfik\u0119, zar\u00f3wno pod wzgl\u0119dem szkolenia, jak i zaanga\u017cowania zawodowego.<\/p>\n<p>Zaanga\u017cowanie opiekuna jest bardzo wyra\u017ane i wymagaj\u0105ce, a mo\u017cliwo\u015b\u0107 jego spe\u0142nienia jest niezb\u0119dna:<\/p>\n<ol>\n<li>cierpliwo\u015b\u0107 i wytrwa\u0142o\u015b\u0107;<\/li>\n<li>zaanga\u017cowanie i niezawodno\u015b\u0107;<\/li>\n<li>opieka i uwaga.<\/li>\n<\/ol>\n<p>Ka\u017cda z tych kompetencji jest niezb\u0119dna do sprawnego prowadzenia dzia\u0142alno\u015bci, zw\u0142aszcza w odniesieniu do dobrego samopoczucia obu zaanga\u017cowanych stron, osoby obj\u0119tej opiek\u0105 i samego opiekuna.<\/p>\n<p>Czynno\u015bci wykonywane przez opiekuna r\u00f3\u017cni\u0105 si\u0119 w zale\u017cno\u015bci od osoby, kt\u00f3r\u0105 si\u0119 opiekuje i jej potrzeb, ale mog\u0105 obejmowa\u0107<\/p>\n<ul>\n<li><strong>Pomoc fizyczna<\/strong>: pomoc w ubieraniu si\u0119, myciu, jedzeniu i poruszaniu si\u0119.<\/li>\n<li><strong>Opieka zdrowotna<\/strong>: podawanie lek\u00f3w, monitorowanie stanu zdrowia danej osoby i towarzyszenie jej w wizytach lekarskich.<\/li>\n<li><strong>Pomoc domowa<\/strong>: zakupy, gotowanie, sprz\u0105tanie domu i pranie.<\/li>\n<li><strong>Towarzyszenie<\/strong>: przebywanie z osob\u0105 obj\u0119t\u0105 pomoc\u0105, rozmawianie z ni\u0105 i s\u0142uchanie jej.<\/li>\n<li><strong>Wsparcie emocjonalne<\/strong>: pomoc w radzeniu sobie z samotno\u015bci\u0105, depresj\u0105 i l\u0119kiem.<\/li>\n<\/ul>\n<p>Opiekunowie odgrywaj\u0105 fundamentaln\u0105 rol\u0119 w spo\u0142ecze\u0144stwie, szczeg\u00f3lnie w szybko starzej\u0105cym si\u0119 spo\u0142ecze\u0144stwie w\u0142oskim. Rzeczywi\u015bcie, opiekunowie umo\u017cliwiaj\u0105 wielu ludziom dalsze \u017cycie w kontakcie z bliskimi i miejscami, zapewniaj\u0105c codzienn\u0105 rutyn\u0119, kt\u00f3rej ograniczona autonomia nie pozwoli\u0142aby im ju\u017c cieszy\u0107 si\u0119. <\/p>\n<p>Ich praca jest cz\u0119sto niewidoczna i niedoceniana, ale ma ogromn\u0105 warto\u015b\u0107 dla jednostek i spo\u0142eczno\u015bci.<\/p>\n<\/div>\n<\/div>\n<\/div>\n<\/div>\n<\/div>\n<\/div>\n<div id=\"t1b\" class=\"vc_row vc_row-outer vc_row-fluid\">\n<div id=\"tm-column-6984b91a67696\" class=\"wpb_column vc_column_container vc_col-sm-12\">\n<div class=\"vc_column-inner \">\n<div class=\"wpb_wrapper\">\n<div id=\"tm-spacer-6984b91a67965\" class=\"tm-spacer\"><\/div>\n<div class=\"wpb_text_column wpb_content_element \">\n<div class=\"wpb_wrapper\">\n<h3 id=\"s-3\">R\u00f3\u017cne rodzaje opiekun\u00f3w<\/h3>\n<p>Istniej\u0105 r\u00f3\u017cne rodzaje opiekun\u00f3w, kt\u00f3re mo\u017cna sklasyfikowa\u0107 w zale\u017cno\u015bci od ich relacji z osob\u0105 wspieran\u0105 i rodzaju \u015bwiadczonej przez nich opieki, jak wspomniano powy\u017cej w przypadku opiekun\u00f3w.<\/p>\n<p>W\u015br\u00f3d opiekun\u00f3w faktycznie mo\u017cemy znale\u017a\u0107:<\/p>\n<ul>\n<li><strong>Opiekunowie rodzinni<\/strong><br \/>\nCz\u0142onkowie rodziny s\u0105 prawie zawsze g\u0142\u00f3wnymi opiekunami osoby wymagaj\u0105cej opieki. Dzieje si\u0119 tak oczywi\u015bcie dlatego, \u017ce opiekuj\u0105 si\u0119 krewnym spontanicznie i swobodnie, poza obowi\u0105zkami na\u0142o\u017conymi przez prawo, po\u015bwi\u0119caj\u0105c sw\u00f3j wolny czas i potrzeby osobiste. Jest to r\u00f3wnie\u017c kategoria najwi\u0119kszego ryzyka, cz\u0119sto zmuszona do pe\u0142nienia tej roli w sytuacjach potrzeby i nag\u0142ych, bez mo\u017cliwo\u015bci liczenia na odpowiednie szkolenie i brak niezb\u0119dnego dystansu emocjonalnego, aby spojrze\u0107 na sytuacj\u0119 z w\u0142a\u015bciwej perspektywy.  <\/li>\n<li>Przyjaciele <strong>opiekuna<\/strong><br \/>\nSie\u0107 przyjaci\u00f3\u0142 cz\u0119sto odgrywa fundamentaln\u0105 rol\u0119 w opiece nad osob\u0105 o ograniczonej samowystarczalno\u015bci, zw\u0142aszcza w wymiarze wsparcia emocjonalnego i walki z samotno\u015bci\u0105, ale tak\u017ce w identyfikowaniu odpowiednich strategii i zasob\u00f3w do radzenia sobie z sytuacj\u0105, dzi\u0119ki bardziej zr\u00f3\u017cnicowanemu zakresowi powi\u0105za\u0144 i umiej\u0119tno\u015bci ni\u017c jednostka rodzinna. Chocia\u017c pomoc ta rzadko jest fizyczna i bezpo\u015brednia, nie nale\u017cy jej lekcewa\u017cy\u0107 i mo\u017ce mie\u0107 r\u00f3wnie wa\u017cny wp\u0142yw na jako\u015b\u0107 \u017cycia odbiorcy opieki. <\/li>\n<li><strong>Opiekunowie<\/strong><br \/>\nProfesjonali\u015bci, kt\u00f3rym p\u0142aci si\u0119 za zapewnienie opieki osobie obj\u0119tej pomoc\u0105. S\u0105 oni zatrudniani g\u0142\u00f3wnie w domu, aby zapewni\u0107 sta\u0142y nadz\u00f3r nad osob\u0105, kt\u00f3r\u0105 si\u0119 opiekuj\u0105, aby m\u00f3c szybko interweniowa\u0107 w razie potrzeby, kt\u00f3ra bardzo cz\u0119sto charakteryzuje si\u0119 brakiem wcze\u015bniejszego okre\u015blenia.<br \/>\nJest to bardzo wymagaj\u0105ce fizycznie i emocjonalnie zaj\u0119cie, poniewa\u017c wi\u0105\u017ce si\u0119 z zaanga\u017cowaniem w codzienn\u0105 dynamik\u0119 rodziny i jej krytyczne aspekty<\/li>\n<li><strong>Profesjonalni opiekunowie<\/strong><br \/>\nS\u0105 to osoby, kt\u00f3re specjalizuj\u0105 si\u0119 w opiece nad osobami niepe\u0142nosprawnymi lub przewlekle chorymi lub wymagaj\u0105cymi interwencji wymagaj\u0105cych wysokich umiej\u0119tno\u015bci. Kategorie te obejmuj\u0105 pracownik\u00f3w socjalnych, piel\u0119gniarki, fizjoterapeut\u00f3w, zawodowych pedagog\u00f3w lub pracownik\u00f3w socjalnych. <\/li>\n<\/ul>\n<p>Wyb\u00f3r najodpowiedniejszego rodzaju opiekuna zale\u017cy od kilku czynnik\u00f3w, w tym w szczeg\u00f3lno\u015bci:<\/p>\n<ul>\n<li>potrzeby osoby obj\u0119tej pomoc\u0105;<\/li>\n<li>dost\u0119pno\u015b\u0107 czasu rodzinnego i zasob\u00f3w ekonomicznych;<\/li>\n<\/ul>\n<p>Cz\u0119sto r\u00f3\u017cne rodzaje opieki s\u0105 \u0142\u0105czone, aby odpowiednio zaspokoi\u0107 potrzeby osoby zale\u017cnej lub w zale\u017cno\u015bci od dost\u0119pno\u015bci zasob\u00f3w.<\/p>\n<p>Niezale\u017cnie od rodzaju opiekun\u00f3w i ich kombinacji, ich rola jest kluczowa dla dobrostanu os\u00f3b niesamodzielnych i ich rodzin.<\/p>\n<p>&nbsp;<\/p>\n<\/div>\n<\/div>\n<\/div>\n<\/div>\n<\/div>\n<\/div>\n<div id=\"tm-row-6984b91a67e9f\" class=\"vc_row vc_row-outer vc_row-fluid\">\n<div id=\"tm-column-6984b91a682a5\" class=\"wpb_column vc_column_container vc_col-sm-12\">\n<div class=\"vc_column-inner \">\n<div class=\"wpb_wrapper\">\n<div id=\"tm-spacer-6984b91a68513\" class=\"tm-spacer\"><\/div>\n<div id=\"tm-image-6984b91a6867a\" class=\"tm-image tm-animation move-up animate\">\n<div class=\"image\"><img fetchpriority=\"high\" decoding=\"async\" class=\"aligncenter\" src=\"https:\/\/old.farmoderm.it\/wp-content\/uploads\/2024\/04\/Screenshot-2024-04-29-111820.png\" alt=\"Zrzut ekranu 2024-04-29 111820\" width=\"845\" height=\"561\"><\/div>\n<\/div>\n<\/div>\n<\/div>\n<\/div>\n<\/div>\n<div id=\"t1c\" class=\"vc_row vc_row-outer vc_row-fluid\">\n<div id=\"tm-column-6984b91a73886\" class=\"wpb_column vc_column_container vc_col-sm-12\">\n<div class=\"vc_column-inner \">\n<div class=\"wpb_wrapper\">\n<div id=\"tm-spacer-6984b91a73b46\" class=\"tm-spacer\"><\/div>\n<div class=\"wpb_text_column wpb_content_element \">\n<div class=\"wpb_wrapper\">\n<h3><\/h3>\n<h3><\/h3>\n<h3 id=\"s-4\">Fundamentalna rola opiekuna w spo\u0142ecze\u0144stwie<\/h3>\n<p>Jak wspomniano powy\u017cej, opiekunowie wnosz\u0105 wk\u0142ad w \u017cycie wielu rodzin i ca\u0142ego spo\u0142ecze\u0144stwa, g\u0142\u0119boko wp\u0142ywaj\u0105c na fizyczne i emocjonalne samopoczucie os\u00f3b i rodzin znajduj\u0105cych si\u0119 w trudnej sytuacji.<br \/>\nIch praca jest prawdziw\u0105 ochron\u0105 i zabezpieczeniem przed ryzykiem indywidualnej i zbiorowej marginalizacji, pozwalaj\u0105c na ograniczenie koszt\u00f3w ludzkich i ekonomicznych.<\/p>\n<p>Analizuj\u0105c szczeg\u00f3\u0142owo te korzy\u015bci, mo\u017cemy zidentyfikowa\u0107 r\u00f3\u017cne rodzaje wk\u0142adu w tych punktach:<\/p>\n<ul>\n<li><strong>Ni\u017csze koszty opieki zdrowotnej<\/strong>: opieka domowa \u015bwiadczona przez opiekun\u00f3w jest prawie zawsze ta\u0144sza ni\u017c przyj\u0119cie do o\u015brodka stacjonarnego, kt\u00f3re powinno by\u0107 preferowane tylko wtedy, gdy nie mo\u017cna ju\u017c zapewni\u0107 okre\u015blonej opieki w warunkach domowych.<\/li>\n<li><strong>Poprawa jako\u015bci \u017cycia odbiorc\u00f3w opieki<\/strong>: gwarantuj\u0105c ci\u0105g\u0142o\u015b\u0107 codziennego \u017cycia w przestrzeniach i uczuciach odbiorc\u00f3w opieki, opiekunowie zachowuj\u0105 poczucie integralno\u015bci i nawyk\u00f3w jednostki, przeciwdzia\u0142aj\u0105c obni\u017ceniu jako\u015bci \u017cycia z powodu utraty autonomii.<\/li>\n<li><strong>Wsparcie dla rodzin<\/strong>: opiekunowie umo\u017cliwiaj\u0105 rodzinom pogodzenie opieki nad bliskimi z prac\u0105 i potrzebami osobistymi, unikaj\u0105c w ten spos\u00f3b przymusowych przerw w karierze i zwi\u0105zanej z tym utraty produktywno\u015bci i umiej\u0119tno\u015bci pracownika i firmy.<\/li>\n<li><strong>Zapobieganie izolacji spo\u0142ecznej<\/strong>: opiekunowie pomagaj\u0105 opiekunom utrzymywa\u0107 relacje spo\u0142eczne, kt\u00f3re s\u0105 niezb\u0119dne do utrzymania jako\u015bci \u017cycia i powrotu do zdrowia lub spowolnienia choroby. Prze\u0142amanie izolacji i poczucia osamotnienia jest niezb\u0119dnym narz\u0119dziem do zapewnienia odpowiedniego standardu jako\u015bci \u017cycia i przeciwdzia\u0142ania formom marginalizacji, kt\u00f3re prowadz\u0105 do degeneracji zdrowia fizycznego i psychicznego. <\/li>\n<\/ul>\n<p>Po\u015bwi\u0119cenie, zaanga\u017cowanie i profesjonalizm maj\u0105 bezpo\u015bredni wp\u0142yw na system opieki rodzinnej i zbiorowej, zapewniaj\u0105c jego trwa\u0142o\u015b\u0107.<\/p>\n<\/div>\n<\/div>\n<\/div>\n<\/div>\n<\/div>\n<\/div>\n<div id=\"t1d\" class=\"vc_row vc_row-outer vc_row-fluid\">\n<div id=\"tm-column-6984b91a7453e\" class=\"wpb_column vc_column_container vc_col-sm-12\">\n<div class=\"vc_column-inner \">\n<div class=\"wpb_wrapper\">\n<div id=\"tm-spacer-6984b91a74865\" class=\"tm-spacer\"><\/div>\n<div class=\"wpb_text_column wpb_content_element \">\n<div class=\"wpb_wrapper\">\n<h3 id=\"s-5\">Wyzwania i korzy\u015bci zwi\u0105zane z prac\u0105 opieku\u0144cz\u0105<\/h3>\n<p>Praca opieku\u0144cza, cho\u0107 ma wielk\u0105 warto\u015b\u0107 i znaczenie, wi\u0105\u017ce si\u0119 z wieloma wyzwaniami, kt\u00f3re mog\u0105 by\u0107 niezwykle wymagaj\u0105ce fizycznie, emocjonalnie i finansowo, i nie nale\u017cy ich lekcewa\u017cy\u0107.<\/p>\n<p>Typowe wyzwania obejmuj\u0105:<\/p>\n<ul>\n<li><strong>Stres fizyczny<\/strong>: opieka nad osob\u0105 zale\u017cn\u0105 mo\u017ce wymaga\u0107 du\u017cego wysi\u0142ku fizycznego, z ryzykiem zm\u0119czenia i obra\u017ce\u0144, je\u015bli nie jest odpowiednio przeszkolona, zw\u0142aszcza podczas manewrowania.<\/li>\n<li><strong>Stres emocjonalny<\/strong>: opiekunowie cz\u0119sto musz\u0105 radzi\u0107 sobie z emocjami, takimi jak frustracja, z\u0142o\u015b\u0107, smutek i poczucie bezradno\u015bci w obliczu trudno\u015bci odbiorcy opieki.<\/li>\n<li><strong>Ma\u0142o czasu wolnego<\/strong>: praca opieku\u0144cza mo\u017ce wymaga\u0107 wielu godzin dziennie, z ograniczonymi przerwami na regeneracj\u0119, cz\u0119sto pozostawiaj\u0105c ograniczony czas wolny dla siebie oraz na \u017cycie towarzyskie i rodzinne.<\/li>\n<li><strong>Trudno\u015bci w godzeniu \u017cycia zawodowego i rodzinnego<\/strong>: opiekunowie cz\u0119sto musz\u0105 godzi\u0107 opiek\u0119 nad ukochan\u0105 osob\u0105 z wymaganiami zawodowymi i rodzinnymi, kt\u00f3re cz\u0119sto s\u0105 od siebie odleg\u0142e, co rodzi poczucie winy i frustracj\u0119.<\/li>\n<li><strong>Izolacja spo\u0142eczna<\/strong>: opiekunowie mog\u0105 czu\u0107 si\u0119 odizolowani i samotni, maj\u0105c niewiele okazji do spotka\u0144 towarzyskich i od\u0142\u0105czenia si\u0119, zw\u0142aszcza je\u015bli s\u0105 z dala od rodziny i sieci spo\u0142ecznej ze wzgl\u0119du na wymagania zawodowe.<\/li>\n<li><strong>Problemy finansowe<\/strong>: W niekt\u00f3rych przypadkach praca opieku\u0144cza mo\u017ce prowadzi\u0107 do zmniejszenia dochod\u00f3w rodziny, g\u0142\u00f3wnie z powodu koniecznego, ale wymuszonego wyboru opieki kosztem zaanga\u017cowania zawodowego, co nast\u0119pnie prowadzi do traumatycznego zatrzymania ekonomicznego i zawodowego.<\/li>\n<\/ul>\n<p>Szczeg\u00f3\u0142owo zajmiemy si\u0119 tymi krytycznymi kwestiami w kolejnych akapitach.<\/p>\n<p>Wa\u017cne jest jednak, aby pami\u0119ta\u0107, \u017ce pomimo wyzwa\u0144 i trudno\u015bci, praca opieku\u0144cza przynosi wyj\u0105tkowe korzy\u015bci, kt\u00f3re trudno znale\u017a\u0107 w innych zawodach.<br \/>\nWida\u0107 to w entuzjazmie wielu os\u00f3b, kt\u00f3re po przeniesieniu si\u0119 do \u015bwiata opieki z powodu utraty pracy, odnalaz\u0142y w swojej pracy satysfakcj\u0119, kt\u00f3rej wcze\u015bniej nie znajdowa\u0142y, daj\u0105c swojemu zaanga\u017cowaniu poczucie spe\u0142nienia.<\/p>\n<p>&nbsp;<\/p>\n<\/div>\n<\/div>\n<div id=\"tm-spacer-6984b91a74bfc\" class=\"tm-spacer\"><\/div>\n<div id=\"tm-image-6984b91a74d6f\" class=\"tm-image tm-animation move-up animate\">\n<div class=\"image\"><img decoding=\"async\" class=\"aligncenter\" src=\"https:\/\/old.farmoderm.it\/wp-content\/uploads\/2024\/04\/Pillar-caregiver4.jpg\" alt=\"Filar-opiekun4\" width=\"852\" height=\"568\"><\/div>\n<\/div>\n<div id=\"tm-spacer-6984b91a7f42c\" class=\"tm-spacer\"><\/div>\n<div class=\"wpb_text_column wpb_content_element \">\n<div class=\"wpb_wrapper\">\n<p>&nbsp;<\/p>\n<p>Do najcz\u0119stszych gratyfikacji nale\u017c\u0105:<\/p>\n<ul>\n<li><strong>Poczucie<\/strong> satysfakcji: opiekunowie mog\u0105 odczuwa\u0107 ogromn\u0105 satysfakcj\u0119, wiedz\u0105c, \u017ce zmieniaj\u0105 \u017cycie ukochanej osoby.<\/li>\n<li><strong>Mi\u0142o\u015b\u0107<\/strong> i wdzi\u0119czno\u015b\u0107: opiekunowie mog\u0105 otrzymywa\u0107 mi\u0142o\u015b\u0107 i wdzi\u0119czno\u015b\u0107 od osoby, kt\u00f3r\u0105 si\u0119 opiekuj\u0105 i cz\u0142onk\u00f3w jej rodziny.<\/li>\n<li><strong>Rozw\u00f3j osobisty<\/strong>: praca opieku\u0144cza z pewno\u015bci\u0105 pomaga rozwija\u0107 nowe umiej\u0119tno\u015bci, zw\u0142aszcza w sferze relacyjnej, i rozwija\u0107 si\u0119 jako cz\u0142owiek.<\/li>\n<li><strong>Poczucie przynale\u017cno\u015bci do spo\u0142eczno\u015bci<\/strong>: opiekunowie cz\u0119sto znajduj\u0105 wsparcie i przyja\u017a\u0144 u innych opiekun\u00f3w lub w\u015br\u00f3d bliskich osoby, kt\u00f3r\u0105 si\u0119 opiekuj\u0105, rozszerzaj\u0105c wymiar relacji i sieci spo\u0142ecznej.<\/li>\n<\/ul>\n<p>Wa\u017cne jest, aby podkre\u015bli\u0107, \u017ce wyzwania i trudno\u015bci oraz nagrody zwi\u0105zane z prac\u0105 opieku\u0144cz\u0105 s\u0105 dwiema stronami tego samego medalu.<br \/>\nW zale\u017cno\u015bci od kontekstu i predyspozycji, mog\u0105 one zmierza\u0107 w jednym kierunku, a nie w drugim, lub by\u0107 konieczne dla siebie nawzajem.<br \/>\nWa\u017cne jest, aby zdawa\u0107 sobie spraw\u0119 z obecno\u015bci obu aspekt\u00f3w, aby mo\u017cna by\u0142o podej\u015b\u0107 do tego zobowi\u0105zania ze \u015bwiadomo\u015bci\u0105 i spokojem.<\/p>\n<p>Oto kilka podstawowych wskaz\u00f3wek, do kt\u00f3rych wr\u00f3cimy w kolejnych akapitach, dotycz\u0105cych radzenia sobie z wyzwaniami zwi\u0105zanymi z prac\u0105 w opiece:<\/p>\n<ul>\n<li>Dbanie <strong>o siebie<\/strong>: wa\u017cne jest, aby znale\u017a\u0107 czas na odpoczynek, \u0107wiczenia i rozwijanie swoich zainteresowa\u0144.<\/li>\n<li><strong>Poszukaj wsparcia<\/strong>: przede wszystkim nieformalnie we w\u0142asnej sieci spo\u0142ecznej i zawodowej, ale warto pami\u0119ta\u0107, \u017ce istniej\u0105 zorganizowane us\u0142ugi wsparcia dla opiekun\u00f3w, takie jak grupy wsparcia, psychologowie i pracownicy socjalni.<\/li>\n<li><strong>Dzielenie si\u0119<\/strong> ci\u0119\u017carem opieki: zawsze wskazane jest, aby opiekun dzieli\u0142 si\u0119 ci\u0119\u017carem, zar\u00f3wno zawodowym, jak i emocjonalnym, anga\u017cuj\u0105c rodzin\u0119 i sie\u0107 przyjaci\u00f3\u0142 opiekuna, ale tak\u017ce wszystkie s\u0142u\u017cby publiczne oddelegowane do wspierania takich sytuacji, nie zniech\u0119caj\u0105c si\u0119 pocz\u0105tkowymi trudno\u015bciami w ich aktywowaniu. .<\/li>\n<li>Nauka <strong>m\u00f3wienia<\/strong>&#8222;nie&#8221;: wa\u017cne jest, aby nauczy\u0107 si\u0119 m\u00f3wi\u0107 &#8222;nie&#8221;, gdy jest si\u0119 zbyt zm\u0119czonym lub zestresowanym. Spokojne powiedzenie &#8222;nie&#8221;, gdy jest to konieczne, pozwala unikn\u0105\u0107 za\u0142ama\u0144 i znacznie bardziej katastrofalnych i nieodwracalnych konsekwencji w p\u00f3\u017aniejszym czasie. <\/li>\n<li><strong>Rozpoznawanie<\/strong> w\u0142asnych ogranicze\u0144: akceptowanie i rozpoznawanie w\u0142asnych ogranicze\u0144, proszenie o pomoc w razie potrzeby jest jedn\u0105 z podstawowych kompetencji opiekuna. S\u0142uchanie w\u0142asnych emocji, w\u0142asnego cia\u0142a, trudno\u015bci w zrozumieniu pewnych sytuacji i wiedza, jak odpowiednio reagowa\u0107 na wyzwania, jest najprawdopodobniej g\u0142\u00f3wn\u0105 cech\u0105, kt\u00f3r\u0105 opiekun musi rozwin\u0105\u0107. <\/li>\n<\/ul>\n<\/div>\n<\/div>\n<\/div>\n<\/div>\n<\/div>\n<\/div>\n<div id=\"t2\" class=\"vc_row vc_row-outer vc_row-fluid\">\n<div id=\"tm-column-6984b91a7ff4b\" class=\"wpb_column vc_column_container vc_col-sm-12\">\n<div class=\"vc_column-inner \">\n<div class=\"wpb_wrapper\">\n<div id=\"tm-spacer-6984b91a801f7\" class=\"tm-spacer\"><\/div>\n<div id=\"tm-heading-6984b91a8049a\" class=\"tm-heading left\">\n<h2 id=\"s-6\" class=\"heading\">Wyzwania zwi\u0105zane z opiek\u0105<\/h2>\n<\/div>\n<\/div>\n<\/div>\n<\/div>\n<\/div>\n<div id=\"tm-row-6984b91a80b6c\" class=\"vc_row vc_row-outer vc_row-fluid\">\n<div id=\"tm-column-6984b91a80f6d\" class=\"wpb_column vc_column_container vc_col-sm-12\">\n<div class=\"vc_column-inner \">\n<div class=\"wpb_wrapper\">\n<div id=\"tm-spacer-6984b91a8121a\" class=\"tm-spacer\"><\/div>\n<div id=\"tm-image-6984b91a81395\" class=\"tm-image tm-animation move-up animate\">\n<div class=\"image\"><img decoding=\"async\" class=\"aligncenter\" src=\"https:\/\/old.farmoderm.it\/wp-content\/uploads\/2024\/04\/Pillar-caregiver5.jpeg\" alt=\"Filar-opiekun5\" width=\"851\" height=\"567\"><\/div>\n<\/div>\n<\/div>\n<\/div>\n<\/div>\n<\/div>\n<div id=\"t2a\" class=\"vc_row vc_row-outer vc_row-fluid\">\n<div id=\"tm-column-6984b91a8c2f7\" class=\"wpb_column vc_column_container vc_col-sm-12\">\n<div class=\"vc_column-inner \">\n<div class=\"wpb_wrapper\">\n<div id=\"tm-spacer-6984b91a8c553\" class=\"tm-spacer\"><\/div>\n<div class=\"wpb_text_column wpb_content_element \">\n<div class=\"wpb_wrapper\">\n<h3><\/h3>\n<h3 id=\"s-7\">Stres fizyczny i psychiczny opiekuna<\/h3>\n<p>Praca w opiece mo\u017ce by\u0107 bardzo wymagaj\u0105ca i stresuj\u0105ca, zar\u00f3wno fizycznie, jak i psychicznie.<\/p>\n<p>Stres fizyczny wynika z codziennych czynno\u015bci opieku\u0144czych, kt\u00f3re mog\u0105 wymaga\u0107 znacznego wysi\u0142ku fizycznego, takiego jak podnoszenie osoby, kt\u00f3r\u0105 si\u0119 opiekuje, pomaganie jej w ubieraniu si\u0119 lub k\u0105paniu.<br \/>\nMo\u017ce to prowadzi\u0107 do zm\u0119czenia, b\u00f3lu mi\u0119\u015bni i staw\u00f3w, problem\u00f3w z postaw\u0105, a w niekt\u00f3rych przypadkach do drobnych uraz\u00f3w.<\/p>\n<p>Bardziej subtelny, cho\u0107 wyra\u017anie bardziej wp\u0142ywowy, jest stres psychiczny.<br \/>\nDlatego dobrze jest pami\u0119ta\u0107, jakie s\u0105 g\u0142\u00f3wne \u017ar\u00f3d\u0142a, aby ich nie lekcewa\u017cy\u0107 i spr\u00f3bowa\u0107 znale\u017a\u0107 rozwi\u0105zanie lub je ograniczy\u0107:<\/p>\n<ul>\n<li>troska o zdrowie i dobre samopoczucie osoby obj\u0119tej pomoc\u0105;<\/li>\n<li>Poczucie odpowiedzialno\u015bci i konieczno\u015b\u0107 bycia obecnym przez ca\u0142y czas;<\/li>\n<li>trudno\u015bci w radzeniu sobie z negatywnymi emocjami;<\/li>\n<li>brak wolnego czasu;<\/li>\n<li>izolacja spo\u0142eczna.<\/li>\n<\/ul>\n<p>Nie nale\u017cy lekcewa\u017cy\u0107 stresu psychicznego, poniewa\u017c je\u015bli si\u0119 przed\u0142u\u017ca, mo\u017ce prowadzi\u0107 do znacznie bardziej problematycznych obraz\u00f3w, takich jak:<\/p>\n<ul>\n<li>niepok\u00f3j;<\/li>\n<li>depresja;<\/li>\n<li>zaburzenia snu;<\/li>\n<li>trudno\u015bci z koncentracj\u0105;<\/li>\n<li>problemy z pami\u0119ci\u0105;<\/li>\n<li>zmiany nastroju;<\/li>\n<li>s\u0142aby apetyt.<\/li>\n<\/ul>\n<p>Zwr\u00f3\u0107 uwag\u0119, je\u015bli wyst\u0105pi kt\u00f3rakolwiek z tych sytuacji, aby mo\u017cna by\u0142o szybko podj\u0105\u0107 dzia\u0142ania zaradcze.<\/p>\n<p>Jak ju\u017c wspomniano w poprzednim rozdziale, oto kilka wskaz\u00f3wek dotycz\u0105cych zapewnienia jako\u015bci \u017cycia i pracy, w tym przypadku bardziej praktycznych i natychmiastowych:<\/p>\n<ul>\n<li>wygospodarowa\u0107 czas dla siebie;<\/li>\n<li>\u0107wiczenia;<\/li>\n<li>wystarczaj\u0105co du\u017co snu;<\/li>\n<li>zdrowe od\u017cywianie;<\/li>\n<li>zidentyfikowa\u0107 lub odkry\u0107 metody i techniki relaksacyjne;<\/li>\n<li>porozmawia\u0107 ze specjalist\u0105 ds. zdrowia psychicznego.<\/li>\n<\/ul>\n<p>Wa\u017cne jest nie tylko proszenie o pomoc w razie potrzeby, ale tak\u017ce, aby sytuacja nie eskalowa\u0142a, zwr\u00f3cenie si\u0119 najpierw do swojej sieci spo\u0142ecznej i zawodowej, a je\u015bli sytuacja tego wymaga, nie b\u00f3j si\u0119 zwr\u00f3ci\u0107 si\u0119 do bardziej zorganizowanych us\u0142ug, takich jak grupy wsparcia, pracownicy socjalni i psychologowie.<\/p>\n<\/div>\n<\/div>\n<\/div>\n<\/div>\n<\/div>\n<\/div>\n<div id=\"t2b\" class=\"vc_row vc_row-outer vc_row-fluid\">\n<div id=\"tm-column-6984b91a8cdf0\" class=\"wpb_column vc_column_container vc_col-sm-12\">\n<div class=\"vc_column-inner \">\n<div class=\"wpb_wrapper\">\n<div id=\"tm-spacer-6984b91a8d01d\" class=\"tm-spacer\"><\/div>\n<div class=\"wpb_text_column wpb_content_element \">\n<div class=\"wpb_wrapper\">\n<h3 id=\"s-8\">Obci\u0105\u017cenie emocjonalne i zarz\u0105dzanie wypaleniem zawodowym<\/h3>\n<p>Jak ju\u017c wielokrotnie podkre\u015blali\u015bmy, praca opieku\u0144cza mo\u017ce by\u0107 bardzo wymagaj\u0105ca emocjonalnie, znacznie bardziej ni\u017c fizycznie.<br \/>\nOpiekunowie cz\u0119sto staj\u0105 w obliczu troski o zdrowie i dobre samopoczucie osoby, kt\u00f3r\u0105 si\u0119 opiekuj\u0105, poczucia bezradno\u015bci i frustracji w obliczu jej trudno\u015bci, smutku i \u017calu z powodu jej upadku. Z\u0142o\u015b\u0107, poczucie winy i inne negatywne uczucia mog\u0105 znale\u017a\u0107 podatny grunt, szczeg\u00f3lnie w warunkach samotno\u015bci i izolacji spo\u0142ecznej. <\/p>\n<p>Mo\u017ce to prowadzi\u0107 do wypalenia, syndromu charakteryzuj\u0105cego si\u0119 fizycznym i psychicznym wyczerpaniem, utrat\u0105 zainteresowania i motywacji do pracy opieku\u0144czej, poczuciem oderwania od odbiorcy opieki, nisk\u0105 samoocen\u0105 i depresj\u0105.<br \/>\nSyndrom ten nie powinien by\u0107 w \u017caden spos\u00f3b lekcewa\u017cony i wcze\u015bnie leczony, poniewa\u017c mo\u017ce mie\u0107 straszne skutki dla osoby cierpi\u0105cej na niego i jej bliskich.<\/p>\n<p>Aby zapobiec wypaleniu, ponownie podkre\u015blamy, nie m\u0119cz\u0105c si\u0119, jak wa\u017cne jest, aby opiekunowie dbali o siebie, szukali wsparcia i nauczyli si\u0119 zarz\u0105dza\u0107 swoimi emocjami.<\/p>\n<p>Chocia\u017c udzielili\u015bmy ju\u017c porad na ten temat w tym artykule, w nast\u0119pnym rozdziale zajmiemy si\u0119 szczeg\u00f3\u0142owo tematem rozwi\u0105za\u0144.<\/p>\n<p>Wypalenie jest rzeczywi\u015bcie powa\u017cnym problemem, ale mo\u017cna mu zapobiec dzi\u0119ki odpowiedniemu wsparciu i strategiom. Wa\u017cne jest, aby si\u0119 tego nie wstydzi\u0107, aby m\u00f3c szuka\u0107 pomocy na wczesnym etapie, aby odzyska\u0107 si\u0142y i z entuzjazmem powr\u00f3ci\u0107 do tej wa\u017cnej roli. <\/p>\n<\/div>\n<\/div>\n<\/div>\n<\/div>\n<\/div>\n<\/div>\n<div id=\"t2c\" class=\"vc_row vc_row-outer vc_row-fluid\">\n<div id=\"tm-column-6984b91a8d7b4\" class=\"wpb_column vc_column_container vc_col-sm-12\">\n<div class=\"vc_column-inner \">\n<div class=\"wpb_wrapper\">\n<div id=\"tm-spacer-6984b91a8da15\" class=\"tm-spacer\"><\/div>\n<div class=\"wpb_text_column wpb_content_element \">\n<div class=\"wpb_wrapper\">\n<h3 id=\"s-9\">Trudno\u015bci w pogodzeniu pracy z \u017cyciem prywatnym<\/h3>\n<p>Zajmijmy si\u0119 teraz jedn\u0105 z g\u0142\u00f3wnych trudno\u015bci stoj\u0105cych przed opiekunem, ju\u017c od samego pocz\u0105tku nowego zobowi\u0105zania.<\/p>\n<p>Pogodzenie pracy i \u017cycia prywatnego jest rzeczywi\u015bcie trudnym zadaniem dla ka\u017cdego, ale staje si\u0119 jeszcze trudniejsze dla tych, kt\u00f3rzy musz\u0105 opiekowa\u0107 si\u0119 zale\u017cnym cz\u0142onkiem rodziny. Opiekunowie w rzeczywisto\u015bci staj\u0105 w obliczu dw\u00f3ch uci\u0105\u017cliwych i cz\u0119sto niemo\u017cliwych do pogodzenia zada\u0144: p\u0142atnej pracy z jednej strony i opieki nad ukochan\u0105 osob\u0105 z drugiej. <\/p>\n<p>Trudno\u015bci w godzeniu pracy z \u017cyciem prywatnym s\u0105 liczne i zr\u00f3\u017cnicowane. Po pierwsze, praca opieku\u0144cza wymaga czasu i wysi\u0142ku, cz\u0119sto zabieraj\u0105c energi\u0119 i zasoby ze sfery zawodowej. Potrzeby osoby obj\u0119tej opiek\u0105 mog\u0105 by\u0107 pilne i nieprzewidywalne, co utrudnia utrzymanie regularnej obecno\u015bci w pracy.  <\/p>\n<p>Ponadto poczucie winy i troska o ukochan\u0105 osob\u0119 mog\u0105 zak\u0142\u00f3ca\u0107 koncentracj\u0119 i wydajno\u015b\u0107 pracy.<\/p>\n<p>Co wi\u0119cej, opieka mo\u017ce mie\u0107 negatywny wp\u0142yw na \u017cycie spo\u0142eczne i prywatne.<br \/>\nCzas wolny jest drastycznie ograniczony, co ogranicza mo\u017cliwo\u015bci rekreacji i interakcji z przyjaci\u00f3\u0142mi i rodzin\u0105.<\/p>\n<p>Zm\u0119czenie fizyczne i psychiczne, zw\u0142aszcza zmartwienia, negatywnie wp\u0142ywaj\u0105 na relacje mi\u0119dzyludzkie, powoduj\u0105c napi\u0119cia i nieporozumienia.<\/p>\n<p>W obliczu tych wyzwa\u0144 i trudno\u015bci wa\u017cne jest, aby opiekunowie nie stronili od poszukiwania i podejmowania rozwi\u0105za\u0144, kt\u00f3re promuj\u0105 r\u00f3wnowag\u0119 mi\u0119dzy r\u00f3\u017cnymi potrzebami.<\/p>\n<p>Niekt\u00f3re przydatne strategie mog\u0105 by\u0107 nast\u0119puj\u0105ce:<\/p>\n<ul>\n<li><strong>\u017b\u0105danie elastyczno\u015bci pracy<\/strong>: uzgodnienie z pracodawc\u0105 elastycznych godzin pracy, pracy w niepe\u0142nym wymiarze godzin lub telepracy mo\u017ce pom\u00f3c w lepszym zarz\u0105dzaniu czasem opieki.<\/li>\n<li><strong>Poszukiwanie wsparcia<\/strong>: cz\u0142onk\u00f3w rodziny, przyjaci\u00f3\u0142, us\u0142ug opieki domowej lub opiekun\u00f3w mo\u017ce zmniejszy\u0107 obci\u0105\u017cenie zwi\u0105zane z opiek\u0105 i pozwoli\u0107 opiekunowi wygospodarowa\u0107 czas dla siebie.<\/li>\n<li><strong>Zorganizuj sw\u00f3j dzie\u0144<\/strong>: planowanie codziennych czynno\u015bci i ustalanie priorytet\u00f3w mo\u017ce pom\u00f3c w optymalizacji czasu i lepszym zarz\u0105dzaniu zadaniami.<\/li>\n<li><strong>Nauka m\u00f3wienia &#8222;nie&#8221;<\/strong>: brak poczucia obowi\u0105zku brania na siebie wi\u0119kszej odpowiedzialno\u015bci, ni\u017c jest si\u0119 w stanie podo\u0142a\u0107, ma kluczowe znaczenie dla unikni\u0119cia przeci\u0105\u017cenia.<\/li>\n<li>Dbanie o <strong>siebie<\/strong>: po raz kolejny chcieliby\u015bmy podkre\u015bli\u0107, \u017ce wygospodarowanie czasu na ulubione zaj\u0119cia, odpowiedni odpoczynek i dbanie o zdrowie fizyczne i psychiczne ma kluczowe znaczenie dla dobrego samopoczucia opiekuna.<\/li>\n<\/ul>\n<p>Wi\u0119c nie obwiniaj si\u0119. Pogodzenie pracy i \u017cycia prywatnego, gdy jeste\u015b opiekunem, jest trudne, ale nie niemo\u017cliwe.<br \/>\nDzi\u0119ki odpowiednim strategiom i \u0107wiczeniu odporno\u015bci, b\u0119dziesz w stanie znale\u017a\u0107 r\u00f3wnowag\u0119, kt\u00f3ra pozwoli ci opiekowa\u0107 si\u0119 ukochan\u0105 osob\u0105 bez po\u015bwi\u0119cania w\u0142asnego dobrego samopoczucia i osobistego spe\u0142nienia ponad swoje granice. <\/p>\n<\/div>\n<\/div>\n<\/div>\n<\/div>\n<\/div>\n<\/div>\n<div id=\"tm-row-6984b91a8df4f\" class=\"vc_row vc_row-outer vc_row-fluid\">\n<div id=\"tm-column-6984b91a8e28d\" class=\"wpb_column vc_column_container vc_col-sm-12\">\n<div class=\"vc_column-inner \">\n<div class=\"wpb_wrapper\">\n<div id=\"tm-spacer-6984b91a8e4b1\" class=\"tm-spacer\"><\/div>\n<div id=\"tm-image-6984b91a8e5f5\" class=\"tm-image tm-animation move-up animate\">\n<div class=\"image\"><img loading=\"lazy\" decoding=\"async\" class=\"aligncenter\" src=\"https:\/\/old.farmoderm.it\/wp-content\/uploads\/2024\/04\/Pillar-caregiver3.jpeg\" alt=\"Filar-opiekun3\" width=\"851\" height=\"567\"><\/div>\n<\/div>\n<\/div>\n<\/div>\n<\/div>\n<\/div>\n<div id=\"t2d\" class=\"vc_row vc_row-outer vc_row-fluid\">\n<div id=\"tm-column-6984b91a99db8\" class=\"wpb_column vc_column_container vc_col-sm-12\">\n<div class=\"vc_column-inner \">\n<div class=\"wpb_wrapper\">\n<div id=\"tm-spacer-6984b91a9a017\" class=\"tm-spacer\"><\/div>\n<div class=\"wpb_text_column wpb_content_element \">\n<div class=\"wpb_wrapper\">\n<h3><\/h3>\n<h3 id=\"s-10\">Izolacja spo\u0142eczna i brak wsparcia<\/h3>\n<p>Izolacja spo\u0142eczna i brak wsparcia to dwie najbardziej znacz\u0105ce i przera\u017caj\u0105ce trudno\u015bci, z kt\u00f3rymi cz\u0119sto borykaj\u0105 si\u0119 opiekunowie.<br \/>\nZanurzeni w opiece nad ukochan\u0105 osob\u0105, mog\u0105 stopniowo zmniejsza\u0107 swoj\u0105 sie\u0107 spo\u0142eczn\u0105 i czu\u0107 si\u0119 samotni i odizolowani.<\/p>\n<p>Przyczyny izolacji spo\u0142ecznej opiekun\u00f3w mog\u0105 by\u0107 wielorakie i wsp\u00f3\u0142istniej\u0105ce:<\/p>\n<ul>\n<li><strong>Brak wolnego czasu<\/strong>: czas po\u015bwi\u0119cony na opiek\u0119 drastycznie ogranicza mo\u017cliwo\u015bci spotka\u0144 towarzyskich i uczestniczenia w zaj\u0119ciach z przyjaci\u00f3\u0142mi i rodzin\u0105;<\/li>\n<li><strong>poczucie winy i odpowiedzialno\u015bci<\/strong>: opiekunowie mog\u0105 odczuwa\u0107 nagl\u0105cy i odruchowy obowi\u0105zek po\u015bwi\u0119cenia ca\u0142ego swojego czasu osobie, kt\u00f3r\u0105 si\u0119 opiekuj\u0105, po\u015bwi\u0119caj\u0105c swoje \u017cycie towarzyskie;<\/li>\n<li><strong>trudno\u015bci w komunikacji<\/strong>: wyzwania i emocje zwi\u0105zane z opiek\u0105 mog\u0105 by\u0107 trudne do przekazania osobom, kt\u00f3re nie maj\u0105 takich samych do\u015bwiadcze\u0144, tworz\u0105c bariery z bliskimi i powa\u017cne nieporozumienia, kt\u00f3re mog\u0105 przerodzi\u0107 si\u0119 w niszczycielskie konflikty na poziomie ludzkim i relacyjnym.<\/li>\n<li><strong>Troska o osob\u0119, kt\u00f3r\u0105 si\u0119 opiekuje<\/strong>: opiekun mo\u017ce by\u0107 tak zaniepokojony zdrowiem i dobrym samopoczuciem ukochanej osoby lub odbiorcy opieki, \u017ce zaniedbuje w\u0142asne relacje spo\u0142eczne i zamyka si\u0119 w &#8222;klasztornej izolacji&#8221;, ca\u0142kowicie po\u015bwi\u0119caj\u0105c si\u0119 sprawie i trac\u0105c poczucie rzeczywisto\u015bci.<\/li>\n<\/ul>\n<p>Brak wsparcia wyra\u017anie pog\u0142\u0119bia izolacj\u0119 spo\u0142eczn\u0105 i ma niezwykle negatywny wp\u0142yw na psychiczne i fizyczne samopoczucie opiekuna, a w konsekwencji na odbiorc\u0119 opieki.<\/p>\n<p>Oto niekt\u00f3re z mo\u017cliwych skutk\u00f3w izolacji spo\u0142ecznej i braku wsparcia, kt\u00f3rych nie nale\u017cy przeoczy\u0107:<\/p>\n<ul>\n<li>poczucie samotno\u015bci i smutku;<\/li>\n<li>depresja i l\u0119k;<\/li>\n<li>stres i wypalenie zawodowe;<\/li>\n<li>trudno\u015bci z koncentracj\u0105 i pami\u0119ci\u0105;<\/li>\n<li>problemy ze zdrowiem fizycznym.<\/li>\n<\/ul>\n<p>S\u0105 to przydatne strategie przeciwdzia\u0142ania tej ryzykownej sytuacji:<\/p>\n<ul>\n<li><strong>rozmowa z rodzin\u0105 i przyjaci\u00f3\u0142mi<\/strong>: otwarcie si\u0119 na bliskich mo\u017ce pom\u00f3c ci poczu\u0107 si\u0119 mniej samotnym i otrzyma\u0107 wsparcie emocjonalne;<\/li>\n<li><strong>do\u0142\u0105cz do grupy wsparcia dla opiekun\u00f3w<\/strong>: dzielenie si\u0119 do\u015bwiadczeniami i wyzwaniami z innymi opiekunami mo\u017ce by\u0107 \u017ar\u00f3d\u0142em pocieszenia i praktycznych porad;<\/li>\n<li><strong>Poszukaj profesjonalnej pomocy<\/strong>: psycholog mo\u017ce pom\u00f3c opiekunowi poradzi\u0107 sobie z negatywnymi emocjami i stresem;<\/li>\n<li><strong>korzystanie ze specjalistycznych<\/strong> us\u0142ug <strong>opieki domowej<\/strong>: us\u0142ugi te mog\u0105 przynie\u015b\u0107 ulg\u0119 opiekunowi, wyeliminowa\u0107 poczucie bezradno\u015bci i nieadekwatno\u015bci oraz pozwoli\u0107 mu wygospodarowa\u0107 czas dla siebie;<\/li>\n<li><strong>uczestnictwo w zaj\u0119ciach online lub twarz\u0105 w twarz dla opiekun\u00f3w<\/strong>: do\u0142\u0105czanie do for\u00f3w internetowych lub uczestniczenie w spotkaniach grupowych mo\u017ce pom\u00f3c w nawi\u0105zaniu kontaktu z innymi opiekunami i znalezieniu nowych przyja\u017ani oraz por\u00f3wnywaniu notatek z innymi osobami dziel\u0105cymi te same problemy.<\/li>\n<\/ul>\n<p>Opiekunowie mog\u0105 prze\u0142ama\u0107 izolacj\u0119 i zbudowa\u0107 sie\u0107 ludzi, kt\u00f3rzy pomog\u0105 im poradzi\u0107 sobie z wyzwaniami zwi\u0105zanymi z ich rol\u0105 i zadba\u0107 o siebie. Bardzo wa\u017cne jest r\u00f3wnie\u017c, aby bliscy pomagali im w tym procesie. <\/p>\n<\/div>\n<\/div>\n<\/div>\n<\/div>\n<\/div>\n<\/div>\n<div id=\"t3\" class=\"vc_row vc_row-outer vc_row-fluid\">\n<div id=\"tm-column-6984b91a9a944\" class=\"wpb_column vc_column_container vc_col-sm-12\">\n<div class=\"vc_column-inner \">\n<div class=\"wpb_wrapper\">\n<div id=\"tm-spacer-6984b91a9ab8c\" class=\"tm-spacer\"><\/div>\n<div id=\"tm-heading-6984b91a9ada2\" class=\"tm-heading left\">\n<h2 id=\"s-11\" class=\"heading\">Jak wspiera\u0107 opiekun\u00f3w<\/h2>\n<\/div>\n<div class=\"wpb_text_column wpb_content_element \">\n<div class=\"wpb_wrapper\">\n<p>Zgodnie z obietnic\u0105 z\u0142o\u017con\u0105 w poprzednich rozdzia\u0142ach, zamierzamy teraz rozwin\u0105\u0107 wcze\u015bniej wspomniane wskaz\u00f3wki dotycz\u0105ce udzielania i otrzymywania najlepszego mo\u017cliwego wsparcia dla opiekun\u00f3w.<br \/>\nOm\u00f3wimy szczeg\u00f3\u0142owo najskuteczniejsze strategie, kt\u00f3re odkryli\u015bmy z biegiem czasu i kt\u00f3re s\u0105 obecnie cz\u0119\u015bci\u0105 bogatego do\u015bwiadczenia Farmoderm.<\/p>\n<\/div>\n<\/div>\n<\/div>\n<\/div>\n<\/div>\n<\/div>\n<div id=\"tm-row-6984b91a9b644\" class=\"vc_row vc_row-outer vc_row-fluid\">\n<div id=\"tm-column-6984b91a9b986\" class=\"wpb_column vc_column_container vc_col-sm-12\">\n<div class=\"vc_column-inner \">\n<div class=\"wpb_wrapper\">\n<div id=\"tm-spacer-6984b91a9bb9d\" class=\"tm-spacer\"><\/div>\n<div id=\"tm-image-6984b91a9bce1\" class=\"tm-image tm-animation move-up animate\">\n<div class=\"image\"><img loading=\"lazy\" decoding=\"async\" class=\"aligncenter\" src=\"https:\/\/old.farmoderm.it\/wp-content\/uploads\/2022\/04\/Caregiver-familiare-aiuta-la-madre.jpg\" alt=\"Opiekun rodzinny pomaga matce\" width=\"854\" height=\"427\"><\/div>\n<\/div>\n<div id=\"tm-spacer-6984b91aa783d\" class=\"tm-spacer\"><\/div>\n<\/div>\n<\/div>\n<\/div>\n<\/div>\n<div id=\"t3a\" class=\"vc_row vc_row-outer vc_row-fluid\">\n<div id=\"tm-column-6984b91aa7f76\" class=\"wpb_column vc_column_container vc_col-sm-12\">\n<div class=\"vc_column-inner \">\n<div class=\"wpb_wrapper\">\n<div class=\"wpb_text_column wpb_content_element \">\n<div class=\"wpb_wrapper\">\n<p>&nbsp;<\/p>\n<p>Poruszyli\u015bmy r\u00f3wnie\u017c ten temat w naszym specjalnym artykule, do kt\u00f3rego odsy\u0142amy po wi\u0119cej szczeg\u00f3\u0142\u00f3w, mo\u017cna go znale\u017a\u0107 na tej stronie:<\/p>\n<p><a href=\"https:\/\/farmoderm.it\/burnout-del-caregiver-10-suggerimenti-per-affrontare-lo-stress-2\/\" target=\"_blank\" rel=\"noopener\"><strong>Wypalenie opiekuna: 10 wskaz\u00f3wek, jak radzi\u0107 sobie ze stresem  &gt;<\/strong><\/a><\/p>\n<h3 id=\"s-12\">Strategie radzenia sobie ze stresem i wypaleniem zawodowym<\/h3>\n<p>Stres i wypalenie zawodowe to dwa g\u0142\u00f3wne zagro\u017cenia dla opiekun\u00f3w.<br \/>\nZgodnie z obietnic\u0105, zag\u0142\u0119bmy si\u0119 teraz w g\u0142\u00f3wne strategie, kt\u00f3re nale\u017cy przyj\u0105\u0107, zanim b\u0119dzie za p\u00f3\u017ano.<\/p>\n<p>Zacznijmy od powt\u00f3rzenia g\u0142\u00f3wnej czynno\u015bci, kt\u00f3r\u0105 zawsze musimy bra\u0107 pod uwag\u0119 i z kt\u00f3rej si\u0119 wywodzimy: dbanie o siebie.<br \/>\nS\u0105 to trzy czynno\u015bci, kt\u00f3rych nigdy nie wolno zaniedbywa\u0107:<\/p>\n<ol>\n<li><strong>Znajd\u017a czas dla siebie<br \/>\n<\/strong>Ma to kluczowe znaczenie dla fizycznego, a przede wszystkim psychicznego samopoczucia opiekuna. Podczas gdy nikt nie wyobra\u017ca sobie utrzymywania samochodu w ci\u0105g\u0142ym biegu lub dzia\u0142aj\u0105cego urz\u0105dzenia elektrycznego, cz\u0119sto nierozs\u0105dnie zapominamy o tym z lud\u017ami, mimo \u017ce nasze cia\u0142a s\u0105 znacznie bardziej przywi\u0105zane do cykli odpoczynku, zw\u0142aszcza nasze m\u00f3zgi.<br \/>\nBez wzgl\u0119du na to, czy jest to spokojny odpoczynek, wolny od zmartwie\u0144 o przerwanie, czy satysfakcjonuj\u0105ce hobby, a nawet \u0107wiczenia, s\u0105 one tak samo wa\u017cne, jak karmienie si\u0119.<br \/>\nDlatego tak jak po\u015bwi\u0119camy niewiele miejsca, czasu i zasob\u00f3w na posi\u0142ki, tak samo robimy z zas\u0142u\u017conym odpoczynkiem, kt\u00f3ry dla opiekun\u00f3w jest szczeg\u00f3lnie zas\u0142u\u017cony! <\/li>\n<li><strong>Zdrowe od\u017cywianie<\/strong><br \/>\nChocia\u017c w\u0142a\u015bnie zauwa\u017cyli\u015bmy, \u017ce przestrze\u0144, czas i zasoby posi\u0142k\u00f3w nale\u017c\u0105 do aspekt\u00f3w, kt\u00f3rych wyra\u017anie nie mo\u017cna ignorowa\u0107 w ekonomii codziennego \u017cycia, nie oznacza to, \u017ce cz\u0119sto s\u0105 one dotkni\u0119te zaniedbaniem, po\u015bpiechem i powierzchowno\u015bci\u0105. Karmienie to nie to samo co od\u017cywianie, a w perspektywie \u015brednio- i d\u0142ugoterminowej mo\u017ce to wp\u0142ywa\u0107 na nas w taki sam spos\u00f3b, jak brak snu. Niechlujne, pospieszne lub stresuj\u0105ce posi\u0142ki mog\u0105 si\u0119 zdarzy\u0107 w napi\u0119tym harmonogramie opiekuna, ale je\u015bli stan\u0105 si\u0119 regularno\u015bci\u0105, podwa\u017c\u0105 spok\u00f3j psychiczny i si\u0142\u0119 fizyczn\u0105. Nie nale\u017cy lekcewa\u017cy\u0107 znaczenia komfortu posi\u0142ku i jego wp\u0142ywu na regeneracj\u0119 i radzenie sobie ze stresem.   <\/li>\n<li><strong>Znalezienie metod radzenia sobie ze stresem<\/strong><br \/>\nU\u017cywanie fraz i s\u0142\u00f3w, obraz\u00f3w i wspomnie\u0144 oraz inne sposoby komunikowania si\u0119 z samym sob\u0105 i odbiorc\u0105 opieki s\u0105 prostymi, ale znakomitymi narz\u0119dziami w radzeniu sobie z chwilami napi\u0119cia i stresu, zdolnymi do \u0142agodzenia napi\u0119\u0107 i zapobiegania ich eskalacji. Niekt\u00f3rzy opiekunowie anga\u017cuj\u0105 si\u0119 r\u00f3wnie\u017c w bardziej ustrukturyzowane metody, takie jak medytacja, joga lub komunikacja oparta na wsp\u00f3\u0142pracy (metoda Rosenberga), aby by\u0107 jeszcze bardziej skutecznym. S\u0142uchanie relaksuj\u0105cej muzyki mo\u017ce by\u0107 r\u00f3wnie\u017c bardzo pomocne w zmniejszaniu niepokoju i napi\u0119cia.  <\/li>\n<\/ol>\n<p>Kolejnym fundamentalnym aspektem, prawdziw\u0105 &#8222;lin\u0105 bezpiecze\u0144stwa&#8221; przed &#8222;otch\u0142ani\u0105&#8221; wypalenia, jest poszukiwanie i zapewnianie wsparcia. Ale jakie s\u0105 g\u0142\u00f3wne strategie zapewniaj\u0105ce, \u017ce ten aspekt nie zostanie pomini\u0119ty? Przyjrzyjmy si\u0119 im razem!  <\/p>\n<ul>\n<li><strong>Rozmowa z rodzin\u0105 i przyjaci\u00f3\u0142mi<\/strong><br \/>\nWsparcie ze strony bliskich jest pierwszym \u017ar\u00f3d\u0142em pocieszenia i praktycznego wsparcia. Zrozumienie zm\u0119czenia, napi\u0119\u0107 i trudno\u015bci opiekuna jest niezb\u0119dne, aby wspiera\u0107 opiekuna i nie \u0142ama\u0107 jego ducha i motywacji. Dlatego nale\u017cy zadba\u0107 o to, by opiekun zosta\u0142 wys\u0142uchany z empati\u0105 i powag\u0105 oraz by kontakt z bliskimi by\u0142 mo\u017cliwy.  <\/li>\n<li><strong>Do\u0142\u0105czenie do grupy wsparcia dla opiekun\u00f3w<\/strong><br \/>\nGrupy r\u00f3wie\u015bnicze s\u0105 doskona\u0142ym \u015brodowiskiem, w kt\u00f3rym mo\u017cna znale\u017a\u0107 zrozumienie, dziel\u0105c si\u0119 tymi samymi do\u015bwiadczeniami, a dzielenie si\u0119 do\u015bwiadczeniami i wyzwaniami z innymi opiekunami mo\u017ce by\u0107 \u017ar\u00f3d\u0142em komfortu i praktycznych porad.<\/li>\n<li><strong>Poszukaj profesjonalnej pomocy<br \/>\n<\/strong>Kiedy nawet bliscy i grupy wsparcia przestaj\u0105 wystarcza\u0107, a sytuacja staje si\u0119 bardzo krytyczna, dobrym pomys\u0142em jest skontaktowanie si\u0119 z profesjonalistami zajmuj\u0105cymi si\u0119 wsparciem osobistym, takimi jak psycholog, profesjonalni pedagodzy lub pracownicy socjalni, aby uzyska\u0107 pomoc w &#8222;powrocie na w\u0142a\u015bciwe tory&#8221; za pomoc\u0105 konkretnych i profesjonalnych strategii.<\/li>\n<\/ul>\n<p>&nbsp;<\/p>\n<p>R\u00f3wnie wa\u017cna jest przede wszystkim dba\u0142o\u015b\u0107 o czas:<\/p>\n<ul>\n<li><strong>Planowanie codziennych czynno\u015bci<\/strong><br \/>\nUstalanie priorytet\u00f3w i planowanie dzia\u0142a\u0144 pomaga zoptymalizowa\u0107 czas i unikn\u0105\u0107 stresu zwi\u0105zanego z sytuacjami awaryjnymi, dzi\u0119ki czemu masz wi\u0119ksze poczucie kontroli i spokoju nad swoimi zadaniami.<\/li>\n<li><strong>Naucz si\u0119 m\u00f3wi\u0107 &#8222;nie&#8221;, \u017ce nie mo\u017cesz<br \/>\n<\/strong>Limity s\u0142u\u017c\u0105 ochronie opiekun\u00f3w, ale tak\u017ce lepszej organizacji sytuacji i mobilizacji do znalezienia zasob\u00f3w. Brak poczucia obowi\u0105zku brania na siebie wi\u0119cej obowi\u0105zk\u00f3w, ni\u017c jest si\u0119 w stanie podo\u0142a\u0107, ma kluczowe znaczenie dla unikni\u0119cia przeci\u0105\u017cenia, a nast\u0119pnie za\u0142amania. Opiekun nie powinien czu\u0107 si\u0119 zobowi\u0105zany do rekompensowania wszystkich sytuacji.  <\/li>\n<\/ul>\n<p>Wreszcie, poleganie na konkretnych formach pomocy przy okre\u015blonych zadaniach mo\u017ce by\u0107 bardzo pomocne:<\/p>\n<ul>\n<li><strong>Korzystanie z us\u0142ug opieki domowej<br \/>\n<\/strong>Us\u0142ugi te mog\u0105 interweniowa\u0107 w okre\u015blonych sytuacjach, w kt\u00f3rych opiekun czuje si\u0119 zawodowo nieadekwatny (pomy\u015bl o niekt\u00f3rych interwencjach opieki zdrowotnej), w celu zmniejszenia stresu i niepokoju, jednocze\u015bnie pozwalaj\u0105c mu wygospodarowa\u0107 czas dla siebie.<\/li>\n<li><strong>Proszenie o pomoc rodziny i przyjaci\u00f3\u0142<br \/>\n<\/strong>Z pewno\u015bci\u0105 jest to podstawowa i najcz\u0119\u015bciej stosowana strategia, je\u015bli chodzi o drobn\u0105 pomoc, tak\u0105 jak zakupy lub gotowanie posi\u0142ku, kt\u00f3ra mo\u017ce mie\u0107 wi\u0119ksze znaczenie, ni\u017c mog\u0142oby si\u0119 wydawa\u0107. Chocia\u017c jest to powszechnie praktykowane, nie docenia si\u0119, o ile skuteczniejsze mo\u017ce by\u0107, je\u015bli osoby te po\u0142\u0105cz\u0105 si\u0119 w sie\u0107, dziel\u0105c pro\u015bby, aby unikn\u0105\u0107 przeci\u0105\u017cenia niekt\u00f3rych i anga\u017cuj\u0105c tych, kt\u00f3rzy s\u0105 lepiej przeszkoleni w zakresie specyfiki. Optymalizuje to obci\u0105\u017cenie pro\u015bbami o wsparcie i daje opiekunowi du\u017ce poczucie ochrony i bezpiecze\u0144stwa.  <\/li>\n<\/ul>\n<\/div>\n<p>&nbsp;<\/p>\n<\/div>\n<\/div>\n<\/div>\n<\/div>\n<\/div>\n<div id=\"tm-row-6984b91aa8748\" class=\"vc_row vc_row-outer vc_row-fluid\">\n<div id=\"tm-column-6984b91aa8a91\" class=\"wpb_column vc_column_container vc_col-sm-12\">\n<div class=\"vc_column-inner \">\n<div class=\"wpb_wrapper\">\n<div id=\"tm-spacer-6984b91aa8cce\" class=\"tm-spacer\"><\/div>\n<div id=\"tm-image-6984b91aa8e09\" class=\"tm-image tm-animation move-up animate\">\n<div class=\"image\"><img loading=\"lazy\" decoding=\"async\" class=\"aligncenter\" src=\"https:\/\/old.farmoderm.it\/wp-content\/uploads\/2024\/04\/Pillar-caregiver6.jpg\" alt=\"Filar-opiekun6\" width=\"845\" height=\"564\"><\/div>\n<\/div>\n<\/div>\n<\/div>\n<\/div>\n<\/div>\n<div id=\"t3b\" class=\"vc_row vc_row-outer vc_row-fluid\">\n<div id=\"tm-column-6984b91ab4074\" class=\"wpb_column vc_column_container vc_col-sm-12\">\n<div class=\"vc_column-inner \">\n<div class=\"wpb_wrapper\">\n<div id=\"tm-spacer-6984b91ab42d3\" class=\"tm-spacer\"><\/div>\n<div class=\"wpb_text_column wpb_content_element \">\n<div class=\"wpb_wrapper\">\n<h3><\/h3>\n<h3 id=\"s-13\">Wskaz\u00f3wki dotycz\u0105ce poprawy komunikacji z opiekunami<\/h3>\n<p>Tak jak komunikacja jest bardzo wa\u017cna w codziennym \u017cyciu, zar\u00f3wno w celu osi\u0105gni\u0119cia wynik\u00f3w, jak i nawi\u0105zania i utrzymania satysfakcjonuj\u0105cych relacji, tak jest ona jeszcze wa\u017cniejsza w przypadku osoby obj\u0119tej pomoc\u0105, kt\u00f3ra znajduje si\u0119 w szczeg\u00f3lnie trudnej sytuacji, aby nawi\u0105za\u0107 z ni\u0105 relacj\u0119 opart\u0105 na zaufaniu i wsp\u00f3\u0142pracy.<\/p>\n<p>Oto kr\u00f3tkie podsumowanie kilku wskaz\u00f3wek dotycz\u0105cych rozwijania skutecznej komunikacji:<\/p>\n<ul>\n<li>Uwa\u017cne s\u0142uchanie: wa\u017cne jest, aby uwa\u017cnie s\u0142ucha\u0107 osoby, kt\u00f3r\u0105 si\u0119 opiekujemy, aby zrozumie\u0107 jej potrzeby i emocje; cz\u0119sto s\u0105 to najwa\u017cniejsze rzeczy, kt\u00f3rymi \u017cyje i kt\u00f3re ma.<\/li>\n<li>M\u00f3w jasnym i prostym j\u0119zykiem: u\u017cywanie prostego i zrozumia\u0142ego j\u0119zyka jest wa\u017cne, aby unikn\u0105\u0107 nieporozumie\u0144. Spr\u00f3buj wczu\u0107 si\u0119 w jego \u015bwiat, aby zrozumie\u0107, kt\u00f3re s\u0142owa s\u0105 naj\u0142atwiejsze do zrozumienia. <\/li>\n<li>B\u0105d\u017a cierpliwy: odbiorca opieki mo\u017ce mie\u0107 trudno\u015bci z komunikacj\u0105, dlatego wa\u017cne jest, aby by\u0107 cierpliwym i wyrozumia\u0142ym. Pierwsz\u0105 umiej\u0119tno\u015bci\u0105 opiekuna jest zawsze cierpliwo\u015b\u0107. <\/li>\n<li>Szanuj osob\u0119, kt\u00f3r\u0105 si\u0119 opiekujesz: wa\u017cne jest, aby zachowa\u0107 spokojny i pe\u0142en szacunku ton g\u0142osu, unikaj\u0105c przyjmowania postawy paternalistycznej, a przede wszystkim osobistego przyjmowania postaw opozycyjnych lub wrogich. Zawsze dobrze jest pami\u0119ta\u0107, \u017ce wchodzimy w interakcj\u0119 z osob\u0105 chor\u0105 i\/lub w powa\u017cnym stanie trudno\u015bci lub s\u0142abo\u015bci. <\/li>\n<li>Zach\u0119canie do komunikacji: wa\u017cne jest, aby zach\u0119ca\u0107 osob\u0119 obj\u0119t\u0105 pomoc\u0105 do wyra\u017cania swoich my\u015bli i emocji, aby uzyska\u0107 jak najbardziej przejrzysty obraz potrzeb i oczekiwa\u0144.<\/li>\n<li>Bycie empatycznym: wa\u017cne jest, aby spr\u00f3bowa\u0107 postawi\u0107 si\u0119 na miejscu osoby wspieranej, aby zrozumie\u0107 jej punkt widzenia, niezale\u017cnie od tego, jak odleg\u0142y i niezrozumia\u0142y mo\u017ce by\u0107 w naszych oczach.<\/li>\n<li>Komunikacja z cz\u0142onkami rodziny: wa\u017cne jest, aby komunikowa\u0107 si\u0119 z cz\u0142onkami rodziny osoby obj\u0119tej pomoc\u0105, aby informowa\u0107 ich o sytuacji osoby obj\u0119tej pomoc\u0105 i anga\u017cowa\u0107 ich w podejmowanie wa\u017cnych decyzji.<\/li>\n<li>Poszukiwanie profesjonalnej pomocy: je\u015bli masz trudno\u015bci z komunikacj\u0105 z osob\u0105, kt\u00f3r\u0105 si\u0119 opiekujesz, wa\u017cne jest, aby poszuka\u0107 profesjonalnej pomocy, poniewa\u017c mo\u017cesz nie mie\u0107 odpowiednich umiej\u0119tno\u015bci.<\/li>\n<\/ul>\n<p>Je\u015bli chcesz bardziej zg\u0142\u0119bi\u0107 ten temat, napisali\u015bmy dwa inne artyku\u0142y na ten temat, kt\u00f3re naszym zdaniem oka\u017c\u0105 si\u0119 bardzo przydatne i interesuj\u0105ce:<\/p>\n<ul>\n<li><strong><a href=\"https:\/\/farmoderm.it\/pl\/8-wskazowek-ktore-pomoga-osobom-starszym-przezwyciezyc-strach-przed-leczeniem\/\">8 wskaz\u00f3wek, kt\u00f3re pomog\u0105 osobom starszym przezwyci\u0119\u017cy\u0107 strach przed leczeniem<\/a><\/strong><\/li>\n<li><strong><a href=\"https:\/\/farmoderm.it\/pl\/skuteczna-komunikacja-z-osobami-starszymi-ktore-nie-chca-sluchac-8-wskazowek-dla-opiekunow\/\">Skuteczna komunikacja z osobami starszymi, kt\u00f3re nie chc\u0105 s\u0142ucha\u0107: 8 wskaz\u00f3wek dla opiekun\u00f3w<\/a><\/strong><\/li>\n<\/ul>\n<p>Mi\u0142ej lektury!<\/p>\n<\/div>\n<\/div>\n<\/div>\n<\/div>\n<\/div>\n<\/div>\n<div id=\"t3c\" class=\"vc_row vc_row-outer vc_row-fluid\">\n<div id=\"tm-column-6984b91ab4b69\" class=\"wpb_column vc_column_container vc_col-sm-12\">\n<div class=\"vc_column-inner \">\n<div class=\"wpb_wrapper\">\n<div id=\"tm-spacer-6984b91ab4dc0\" class=\"tm-spacer\"><\/div>\n<div class=\"wpb_text_column wpb_content_element \">\n<div class=\"wpb_wrapper\">\n<h3 id=\"s-14\">Us\u0142ugi wsparcia dost\u0119pne dla opiekun\u00f3w<\/h3>\n<p>Opr\u00f3cz porad i strategii, kt\u00f3re zasugerowali\u015bmy, istnieje wiele us\u0142ug wsparcia dla opiekun\u00f3w, kt\u00f3re mo\u017cna aktywowa\u0107 na kilku poziomach, od lokalnego, przez krajowy, po regionalny.<\/p>\n<p>Na poziomie lokalnym mo\u017cna znale\u017a\u0107 najbardziej dost\u0119pne us\u0142ugi opieku\u0144cze:<\/p>\n<ul>\n<li>ASL, gminy i terytorialne o\u015brodki pomocy spo\u0142ecznej: oferuj\u0105 informacje, porady i us\u0142ugi opracowane przez administracj\u0119 publiczn\u0105 w celu wspierania os\u00f3b s\u0142abych.<\/li>\n<li>Prywatne us\u0142ugi opieki domowej: zapewniaj\u0105 praktyczn\u0105 pomoc w opiece nad osob\u0105 obj\u0119t\u0105 pomoc\u0105.<\/li>\n<li>Grupy wsparcia dla opiekun\u00f3w: umo\u017cliwiaj\u0105 dzielenie si\u0119 do\u015bwiadczeniami i otrzymywanie porad od innych opiekun\u00f3w.<\/li>\n<li>O\u015brodki opieki dziennej dla os\u00f3b starszych i niepe\u0142nosprawnych: oferuj\u0105 zaj\u0119cia socjalizacyjne i rehabilitacyjne dla os\u00f3b obj\u0119tych opiek\u0105.<\/li>\n<li>Trzeci sektor i wolontariat: istnieje kilka stowarzysze\u0144, kt\u00f3re interweniuj\u0105 w sytuacjach niestabilno\u015bci, oferuj\u0105 wsparcie dla opiekun\u00f3w i uzupe\u0142niaj\u0105 us\u0142ugi administracji publicznej.<\/li>\n<\/ul>\n<p>Nale\u017cy je uwzgl\u0119dni\u0107 na poziomie regionalnym i krajowym:<\/p>\n<ul>\n<li>Regiony mog\u0105 zapewni\u0107 wsparcie finansowe i vouchery na opiek\u0119 domow\u0105 i inne dzia\u0142ania zwi\u0105zane z opiek\u0105.<\/li>\n<li>INPS, podobnie jak regiony, oferuje plany interwencyjne w zakresie wsparcia ekonomicznego dla os\u00f3b z os\u0142abieniem, interweniuj\u0105c r\u00f3wnie\u017c w sprawie opiekun\u00f3w poprzez zasi\u0142ki i emerytury.<\/li>\n<li>Ministerstwo Pracy i Polityki Spo\u0142ecznej: promuje inicjatywy wspieraj\u0105ce opiekun\u00f3w.<\/li>\n<\/ul>\n<p>Wa\u017cne jest, aby by\u0107 \u015bwiadomym tych dost\u0119pnych us\u0142ug i nigdy nie waha\u0107 si\u0119 o nie poprosi\u0107, nawet je\u015bli procedury dost\u0119pu mog\u0105 by\u0107 trudne.<\/p>\n<p>G\u0142\u00f3wnymi kana\u0142ami odkrywania i uzyskiwania dost\u0119pu do tych us\u0142ug wsparcia s\u0105:<\/p>\n<ul>\n<li>W\u0142asny lekarz rodzinny, kt\u00f3ry cz\u0119sto jest punktem wyj\u015bcia do uzyskania dost\u0119pu do wszystkich us\u0142ug oferowanych przez administracj\u0119 publiczn\u0105.<\/li>\n<li>Specjalny punkt w gminie, kt\u00f3ry mo\u017cna znale\u017a\u0107 w odpowiednim wydziale.<\/li>\n<li>Skontaktuj si\u0119 z dobrowolnymi stowarzyszeniami, kt\u00f3re zajmuj\u0105 si\u0119 opiek\u0105 lub kt\u00f3re, cho\u0107 nie s\u0105 konkretne, mog\u0105 zasugerowa\u0107, gdzie si\u0119 zwr\u00f3ci\u0107.<\/li>\n<li>Skoro trafi\u0142e\u015b na t\u0119 stron\u0119, nie lekcewa\u017c dobrego wyszukiwania w sieci!<\/li>\n<\/ul>\n<\/div>\n<\/div>\n<\/div>\n<\/div>\n<\/div>\n<\/div>\n<div id=\"t4\" class=\"vc_row vc_row-outer vc_row-fluid\">\n<div id=\"tm-column-6984b91ab560e\" class=\"wpb_column vc_column_container vc_col-sm-12\">\n<div class=\"vc_column-inner \">\n<div class=\"wpb_wrapper\">\n<div id=\"tm-spacer-6984b91ab5855\" class=\"tm-spacer\"><\/div>\n<div id=\"tm-heading-6984b91ab5a81\" class=\"tm-heading left\">\n<h2 id=\"s-15\" class=\"heading\">Rola Farmoderm we wspieraniu opiekun\u00f3w<\/h2>\n<\/div>\n<\/div>\n<\/div>\n<\/div>\n<\/div>\n<div id=\"t4a\" class=\"vc_row vc_row-outer vc_row-fluid\">\n<div id=\"tm-column-6984b91ab63a0\" class=\"wpb_column vc_column_container vc_col-sm-12\">\n<div class=\"vc_column-inner \">\n<div class=\"wpb_wrapper\">\n<div class=\"wpb_text_column wpb_content_element \">\n<div class=\"wpb_wrapper\">\n<h3 id=\"s-16\">Produkty i us\u0142ugi Farmoderm<\/h3>\n<p>Farmoderm to firma, kt\u00f3rej podstawowym celem jest wspieranie opiekun\u00f3w innowacyjnymi produktami, kt\u00f3re najlepiej spe\u0142niaj\u0105 potrzeby os\u00f3b, kt\u00f3rymi si\u0119 opiekuj\u0105.<\/p>\n<p>Wiemy, \u017ce jako\u015b\u0107 produktu wp\u0142ywa na jako\u015b\u0107 \u017cycia os\u00f3b chorych i os\u0142abionych.<\/p>\n<p>Opiekunowie, kt\u00f3rzy korzystaj\u0105 z naszych produkt\u00f3w, wiedz\u0105, \u017ce zapewniaj\u0105 wyj\u0105tkow\u0105 uczt\u0119 osobie, kt\u00f3r\u0105 si\u0119 opiekuj\u0105, zapewniaj\u0105c jej ulg\u0119 i szczeg\u00f3ln\u0105 uwag\u0119, kt\u00f3ra jest odwdzi\u0119czana z wielk\u0105 wdzi\u0119czno\u015bci\u0105.<br \/>\nNasza gama produkt\u00f3w jest bardzo szeroka, poniewa\u017c chcemy da\u0107 wszystkim opiekunom mo\u017cliwo\u015b\u0107 odpowiedniego reagowania na ka\u017cd\u0105 potrzeb\u0119 osoby, kt\u00f3r\u0105 si\u0119 opiekuj\u0105, wiedz\u0105c, \u017ce mog\u0105 liczy\u0107 na bezpiecze\u0144stwo niezawodnego partnera, kt\u00f3ry zna Twoje potrzeby.<\/p>\n<\/div>\n<\/div>\n<div id=\"tm-spacer-6984b91ab682a\" class=\"tm-spacer\"><\/div>\n<div id=\"tm-row-inner-6984b91ab7321\" class=\"vc_row vc_inner vc_row-fluid vc_row-o-equal-height vc_row-o-content-middle vc_row-flex\">\n<div id=\"tm-column-inner-6984b91ab7be8\" class=\"wpb_column vc_column_container vc_col-sm-6\">\n<div class=\"vc_column-inner \">\n<div class=\"wpb_wrapper\">\n<div id=\"tm-image-6984b91ab7ed1\" class=\"tm-image tm-animation move-up animate\">\n<div class=\"image\"><img loading=\"lazy\" decoding=\"async\" class=\"aligncenter\" src=\"https:\/\/old.farmoderm.it\/wp-content\/uploads\/2024\/04\/Farmoderm.shop_-1.jpg\" alt=\"Farmoderm.shop_-1\" width=\"838\" height=\"828\"><\/div>\n<\/div>\n<\/div>\n<\/div>\n<\/div>\n<div id=\"tm-column-inner-6984b91ac2e75\" class=\"wpb_column vc_column_container vc_col-sm-6\">\n<div class=\"vc_column-inner \">\n<div class=\"wpb_wrapper\">\n<div class=\"wpb_text_column wpb_content_element \">\n<div class=\"wpb_wrapper\">\n<p>&nbsp;<\/p>\n<p>Wszystkie nasze produkty mo\u017cna obejrze\u0107 i kupi\u0107 w naszym sklepie internetowym.<\/p>\n<p>Firma oferuje r\u00f3wnie\u017c szeroki zakres zasob\u00f3w informacyjnych na temat opieki, w tym nasz artyku\u0142 internetowy i biuletyn.<\/p>\n<p>Farmoderm ma by\u0107 wiarygodnym punktem odniesienia dla wszystkich opiekun\u00f3w poszukuj\u0105cych wsparcia i konkretnych rozwi\u0105za\u0144, aby sprosta\u0107 codziennym wyzwaniom zwi\u0105zanym z opiek\u0105.<\/p>\n<\/div>\n<\/div>\n<\/div>\n<\/div>\n<\/div>\n<\/div>\n<\/div>\n<\/div>\n<\/div>\n<\/div>\n<div id=\"t4b\" class=\"vc_row vc_row-outer vc_row-fluid\">\n<div id=\"tm-column-6984b91ac4b7e\" class=\"wpb_column vc_column_container vc_col-sm-12\">\n<div class=\"vc_column-inner \">\n<div class=\"wpb_wrapper\">\n<div class=\"wpb_text_column wpb_content_element \">\n<div class=\"wpb_wrapper\">\n<h3 id=\"s-17\">Zaanga\u017cowanie Farmoderm w popraw\u0119 jako\u015bci \u017cycia opiekun\u00f3w<\/h3>\n<p>Farmoderm to firma zaanga\u017cowana w popraw\u0119 \u017cycia opiekun\u00f3w poprzez szerok\u0105 gam\u0119 innowacyjnych produkt\u00f3w zaprojektowanych w celu u\u0142atwienia zadania opieki nad blisk\u0105 osob\u0105.<\/p>\n<p>Wierzymy, \u017ce opiekunowie zas\u0142uguj\u0105 na najwy\u017csze wsparcie i szacunek.<br \/>\nZ tego powodu nasza firma traktuje to priorytetowo:<\/p>\n<ul>\n<li>Dostarczanie wysokiej jako\u015bci produkt\u00f3w i us\u0142ug w przyst\u0119pnych cenach.<\/li>\n<li>S\u0142uchanie i uwzgl\u0119dnianie opinii wszystkich naszych klient\u00f3w, a w szczeg\u00f3lno\u015bci opiekun\u00f3w.<\/li>\n<li>Podnoszenie \u015bwiadomo\u015bci na temat fundamentalnej roli opiekun\u00f3w poprzez nasz\u0105 stron\u0119 internetow\u0105 i artyku\u0142y.<\/li>\n<\/ul>\n<p>Chcemy by\u0107 po Twojej stronie, aby pom\u00f3c Ci w jak najlepszej opiece nad osob\u0105 obj\u0119t\u0105 pomoc\u0105 i chcemy by\u0107 przyk\u0142adem tego, jak firma mo\u017ce zmienia\u0107 spo\u0142ecze\u0144stwo.<\/p>\n<\/div>\n<\/div>\n<\/div>\n<\/div>\n<\/div>\n<\/div>\n<div id=\"t5\" class=\"vc_row vc_row-outer vc_row-fluid\">\n<div id=\"tm-column-6984b91ac562b\" class=\"wpb_column vc_column_container vc_col-sm-12\">\n<div class=\"vc_column-inner \">\n<div class=\"wpb_wrapper\">\n<div id=\"tm-spacer-6984b91ac5863\" class=\"tm-spacer\"><\/div>\n<div id=\"tm-heading-6984b91ac5a65\" class=\"tm-heading left\">\n<h2 id=\"s-18\" class=\"heading\">Docenianie opiekuna<\/h2>\n<p>&nbsp;<\/p>\n<\/div>\n<\/div>\n<\/div>\n<\/div>\n<\/div>\n<div id=\"tm-row-6984b91ac6017\" class=\"vc_row vc_row-outer vc_row-fluid\">\n<div id=\"tm-column-6984b91ac6384\" class=\"wpb_column vc_column_container vc_col-sm-12\">\n<div class=\"vc_column-inner \">\n<div class=\"wpb_wrapper\">\n<div id=\"tm-spacer-6984b91ac65aa\" class=\"tm-spacer\"><\/div>\n<div id=\"tm-image-6984b91ac66d7\" class=\"tm-image tm-animation move-up animate\">\n<div class=\"image\"><img loading=\"lazy\" decoding=\"async\" class=\"aligncenter\" src=\"https:\/\/old.farmoderm.it\/wp-content\/uploads\/2024\/04\/Pillar-caregiver7.jpg\" alt=\"Filar-opiekun7\" width=\"816\" height=\"544\"><\/div>\n<\/div>\n<\/div>\n<\/div>\n<\/div>\n<\/div>\n<div id=\"t5a\" class=\"vc_row vc_row-outer vc_row-fluid\">\n<div id=\"tm-column-6984b91ad2007\" class=\"wpb_column vc_column_container vc_col-sm-12\">\n<div class=\"vc_column-inner \">\n<div class=\"wpb_wrapper\">\n<div id=\"tm-spacer-6984b91ad225f\" class=\"tm-spacer\"><\/div>\n<div class=\"wpb_text_column wpb_content_element \">\n<div class=\"wpb_wrapper\">\n<h3><\/h3>\n<h3 id=\"s-19\">Znaczenie uznania i docenienia pracy opiekun\u00f3w<\/h3>\n<p>Chcieliby\u015bmy ponownie podkre\u015bli\u0107, \u017ce praca opiekun\u00f3w ma kluczowe znaczenie dla dobrostanu os\u00f3b niesamodzielnych i odporno\u015bci naszego spo\u0142ecze\u0144stwa, zar\u00f3wno w ramach solidarno\u015bci, jak i systemu opieki spo\u0142ecznej i zdrowotnej.<\/p>\n<p>Jak mo\u017cemy sprawi\u0107, by ich praca nie by\u0142a niewidoczna i niedoceniana?<\/p>\n<p>Musimy najpierw zidentyfikowa\u0107 konkretne powody, dla kt\u00f3rych to zaanga\u017cowanie jest tak wa\u017cne:<\/p>\n<ul>\n<li>Jest to kwestia sprawiedliwo\u015bci: opiekunowie wykonuj\u0105 niezb\u0119dn\u0105 prac\u0119, nie jest to opcjonalne, nie mogliby\u015bmy si\u0119 bez nich obej\u015b\u0107, gdyby nie niedopuszczalne koszty ludzkie i spo\u0142eczne.<\/li>\n<li>Jest to inwestycja na przysz\u0142o\u015b\u0107: opieka nad osobami niesamodzielnymi jest wyzwaniem, kt\u00f3re dotyczy nas wszystkich. Wspieranie opiekun\u00f3w oznacza inwestowanie w nasz\u0105 zdolno\u015b\u0107 do opieki nad najbardziej wra\u017cliwymi osobami, tak\u017ce wtedy, gdy sami jeste\u015bmy w trudnej sytuacji. <\/li>\n<li>Jest to spos\u00f3b na popraw\u0119 jako\u015bci \u017cycia wszystkich: opiekun, kt\u00f3ry czuje si\u0119 wspierany i doceniany, jest w stanie zapewni\u0107 lepsz\u0105 opiek\u0119 osobie, kt\u00f3r\u0105 si\u0119 opiekuje, co ma pozytywny wp\u0142yw na jako\u015b\u0107 \u017cycia obu os\u00f3b.<\/li>\n<\/ul>\n<p>Istniej\u0105 r\u00f3\u017cne formy uznania i waloryzacji pracy opiekun\u00f3w:<\/p>\n<ul>\n<li>Formalne uznanie roli: opiekun jest ju\u017c uznawany za posta\u0107 spo\u0142eczn\u0105 i zawodow\u0105, z okre\u015blonymi prawami i obowi\u0105zkami, ale wci\u0105\u017c pozostaje wiele do zrobienia z kulturowego punktu widzenia.<\/li>\n<li>Wsparcie ekonomiczne: opiekun potrzebuje stabilnego i precyzyjnego wsparcia ekonomicznego, takiego jak zasi\u0142ki lub bony, do wysoko\u015bci wynagrodze\u0144 zgodnych z zaanga\u017cowaniem i przepisami, aby zrekompensowa\u0107 czas i energi\u0119 po\u015bwi\u0119cone na opiek\u0119.<\/li>\n<li>Szkolenia i wsparcie psychologiczne: dost\u0119p do kurs\u00f3w szkoleniowych, jak ma to ju\u017c miejsce w przypadku wielu zawod\u00f3w, oraz do wsparcia psychologicznego w celu zdobycia niezb\u0119dnych umiej\u0119tno\u015bci i radzenia sobie z wyzwaniami emocjonalnymi zwi\u0105zanymi z pe\u0142nion\u0105 rol\u0105, jest punktem, kt\u00f3ry nale\u017cy stymulowa\u0107 i wzmacnia\u0107.<\/li>\n<li>R\u00f3wnowaga mi\u0119dzy \u017cyciem zawodowym a prywatnym: mo\u017cliwo\u015b\u0107 pogodzenia opieki nad osob\u0105 obj\u0119t\u0105 opiek\u0105 z \u017cyciem zawodowym, poprzez elastyczno\u015b\u0107 czasow\u0105, urlop i teleprac\u0119, jest podstawowym elementem gwarantuj\u0105cym odpowiedni\u0105 jako\u015b\u0107 \u017cycia i stabilno\u015b\u0107 zawodow\u0105.<\/li>\n<\/ul>\n<p>Uznanie i docenienie pracy opiekun\u00f3w jest zobowi\u0105zaniem, kt\u00f3re wymaga zaanga\u017cowania wszystkich: instytucji, obywateli i \u015bwiata pracy.<\/p>\n<\/div>\n<\/div>\n<\/div>\n<\/div>\n<\/div>\n<\/div>\n<div id=\"t5b\" class=\"vc_row vc_row-outer vc_row-fluid\">\n<div id=\"tm-column-6984b91ad2afa\" class=\"wpb_column vc_column_container vc_col-sm-12\">\n<div class=\"vc_column-inner \">\n<div class=\"wpb_wrapper\">\n<div id=\"tm-spacer-6984b91ad2d45\" class=\"tm-spacer\"><\/div>\n<div class=\"wpb_text_column wpb_content_element \">\n<div class=\"wpb_wrapper\">\n<h3 id=\"s-20\">Przydatne zasoby dla opiekun\u00f3w<\/h3>\n<p>Na szcz\u0119\u015bcie istnieje kilka zasob\u00f3w, kt\u00f3re mog\u0105 zapewni\u0107 wsparcie i przydatne informacje.<\/p>\n<p>Oto kilka stron internetowych i stowarzysze\u0144, kt\u00f3re mog\u0105 pom\u00f3c:<\/p>\n<ul>\n<li><a href=\"https:\/\/www.associazionecarer.it\/\" target=\"_blank\" rel=\"noopener\">CARER &#8211; Stowarzyszenie opiekun\u00f3w rodzinnych<\/a><\/li>\n<li><a href=\"http:\/\/www.caregiverfamiliare.it\/\" target=\"_blank\" rel=\"noopener\">Portal opiekun\u00f3w rodzinnych: Portal opiekun\u00f3w rodzinnych<\/a><\/li>\n<li><a href=\"https:\/\/www.lavoro.gov.it\/\" target=\"_blank\" rel=\"noopener\">Ministerstwo Pracy i Polityki Spo\u0142ecznej: Ministerstwo Pracy i Polityki Spo\u0142ecznej<\/a><\/li>\n<li><a href=\"https:\/\/www.inps.it\/\" target=\"_blank\" rel=\"noopener\">Krajowy Instytut Zabezpieczenia Spo\u0142ecznego (INPS): Istituto Nazionale di Previdenza Sociale (INPS)<\/a><\/li>\n<li><a href=\"https:\/\/www.alzheimer.it\/\" target=\"_blank\" rel=\"noopener\">Federacja Alzheimera W\u0142ochy<\/a><\/li>\n<li><a href=\"https:\/\/www.inail.it\/cs\/internet\/comunicazione\/pubblicazioni\/superabile.html\" target=\"_blank\" rel=\"noopener\">Portal &#8222;<\/a>SuperAbile Inail<\/li>\n<li><a href=\"https:\/\/www.telefonoamico.it\/\" target=\"_blank\" rel=\"noopener\">Telefono Amico W\u0142ochy<\/a><\/li>\n<\/ul>\n<p>Opr\u00f3cz tych zasob\u00f3w internetowych wa\u017cne jest, aby pami\u0119ta\u0107, \u017ce opiekunowie mog\u0105 r\u00f3wnie\u017c znale\u017a\u0107 wsparcie na poziomie lokalnym. W wielu miastach i gminach istniej\u0105 centra s\u0142uchania, punkty informacyjne i grupy wsparcia dla opiekun\u00f3w. <\/p>\n<p>Aby uzyska\u0107 informacje na temat tych us\u0142ug, nale\u017cy pami\u0119ta\u0107, \u017ce mo\u017cna skontaktowa\u0107 si\u0119 ze specjalnym biurem w gminie zamieszkania lub odpowiednim ASL, a nawet z terytorialnymi s\u0142u\u017cbami socjalnymi.<\/p>\n<p>Razem mo\u017cemy stawi\u0107 czo\u0142a trudnemu zadaniu opieki z wi\u0119ksz\u0105 si\u0142\u0105 i spokojem.<\/p>\n<\/div>\n<\/div>\n<\/div>\n<\/div>\n<\/div>\n<\/div>\n<\/div>\n","protected":false},"excerpt":{"rendered":"<p>Bycie opiekunem to misja mi\u0142o\u015bci, kt\u00f3ra wspiera ca\u0142e spo\u0142ecze\u0144stwo, ale jest to \u015bcie\u017cka, kt\u00f3rej nie nale\u017cy podejmowa\u0107 w pojedynk\u0119. W tym przewodniku Farmoderm bada, kim s\u0105 opiekunowie, wyzwania emocjonalne, takie jak wypalenie zawodowe, oraz praktyczne strategie r\u00f3wnowa\u017cenia opieki i \u017cycia prywatnego, oferuj\u0105c zasoby i rozwi\u0105zania, kt\u00f3re wzmacniaj\u0105 tych, kt\u00f3rzy codziennie opiekuj\u0105 si\u0119 innymi.. Indeks: Kim [&hellip;]<\/p>\n","protected":false},"author":3,"featured_media":0,"comment_status":"closed","ping_status":"closed","sticky":false,"template":"","format":"standard","meta":{"footnotes":""},"categories":[70,69],"tags":[],"class_list":["post-6845","post","type-post","status-publish","format-standard","hentry","category-opieka-nad-osobami-starszymi","category-wskazowki-i-porady"],"yoast_head":"<!-- This site is optimized with the Yoast SEO plugin v27.1.1 - https:\/\/yoast.com\/product\/yoast-seo-wordpress\/ -->\n<title>Opiekunowie: niewidzialne filary naszego spo\u0142ecze\u0144stwa - Farmoderm.it<\/title>\n<meta name=\"robots\" content=\"index, follow, max-snippet:-1, max-image-preview:large, max-video-preview:-1\" \/>\n<link rel=\"canonical\" href=\"https:\/\/farmoderm.it\/pl\/opiekunowie-niewidzialne-filary-naszego-spoleczenstwa\/\" \/>\n<meta property=\"og:locale\" content=\"pl_PL\" \/>\n<meta property=\"og:type\" content=\"article\" \/>\n<meta property=\"og:title\" content=\"Opiekunowie: niewidzialne filary naszego spo\u0142ecze\u0144stwa - Farmoderm.it\" \/>\n<meta property=\"og:description\" content=\"Bycie opiekunem to misja mi\u0142o\u015bci, kt\u00f3ra wspiera ca\u0142e spo\u0142ecze\u0144stwo, ale jest to \u015bcie\u017cka, kt\u00f3rej nie nale\u017cy podejmowa\u0107 w pojedynk\u0119. W tym przewodniku Farmoderm bada, kim s\u0105 opiekunowie, wyzwania emocjonalne, takie jak wypalenie zawodowe, oraz praktyczne strategie r\u00f3wnowa\u017cenia opieki i \u017cycia prywatnego, oferuj\u0105c zasoby i rozwi\u0105zania, kt\u00f3re wzmacniaj\u0105 tych, kt\u00f3rzy codziennie opiekuj\u0105 si\u0119 innymi.. Indeks: Kim [&hellip;]\" \/>\n<meta property=\"og:url\" content=\"https:\/\/farmoderm.it\/pl\/opiekunowie-niewidzialne-filary-naszego-spoleczenstwa\/\" \/>\n<meta property=\"og:site_name\" content=\"Farmoderm.it\" \/>\n<meta property=\"article:published_time\" content=\"2026-01-20T10:34:22+00:00\" \/>\n<meta property=\"og:image\" content=\"https:\/\/old.farmoderm.it\/wp-content\/uploads\/2024\/04\/Screenshot-2024-04-29-111820.png\" \/>\n<meta name=\"author\" content=\"m.polastri\" \/>\n<meta name=\"twitter:card\" content=\"summary_large_image\" \/>\n<meta name=\"twitter:label1\" content=\"Napisane przez\" \/>\n\t<meta name=\"twitter:data1\" content=\"m.polastri\" \/>\n\t<meta name=\"twitter:label2\" content=\"Szacowany czas czytania\" \/>\n\t<meta name=\"twitter:data2\" content=\"31 minut\" \/>\n<script type=\"application\/ld+json\" class=\"yoast-schema-graph\">{\"@context\":\"https:\/\/schema.org\",\"@graph\":[{\"@type\":\"Article\",\"@id\":\"https:\/\/farmoderm.it\/pl\/opiekunowie-niewidzialne-filary-naszego-spoleczenstwa\/#article\",\"isPartOf\":{\"@id\":\"https:\/\/farmoderm.it\/pl\/opiekunowie-niewidzialne-filary-naszego-spoleczenstwa\/\"},\"author\":{\"name\":\"m.polastri\",\"@id\":\"https:\/\/farmoderm.it\/pl\/#\/schema\/person\/5cd49204ef037839a6f9ddae54ef67d2\"},\"headline\":\"Opiekunowie: niewidzialne filary naszego spo\u0142ecze\u0144stwa\",\"datePublished\":\"2026-01-20T10:34:22+00:00\",\"mainEntityOfPage\":{\"@id\":\"https:\/\/farmoderm.it\/pl\/opiekunowie-niewidzialne-filary-naszego-spoleczenstwa\/\"},\"wordCount\":6186,\"image\":{\"@id\":\"https:\/\/farmoderm.it\/pl\/opiekunowie-niewidzialne-filary-naszego-spoleczenstwa\/#primaryimage\"},\"thumbnailUrl\":\"https:\/\/old.farmoderm.it\/wp-content\/uploads\/2024\/04\/Screenshot-2024-04-29-111820.png\",\"articleSection\":[\"Opieka nad osobami starszymi\",\"Wskaz\u00f3wki i porady\"],\"inLanguage\":\"pl-PL\"},{\"@type\":\"WebPage\",\"@id\":\"https:\/\/farmoderm.it\/pl\/opiekunowie-niewidzialne-filary-naszego-spoleczenstwa\/\",\"url\":\"https:\/\/farmoderm.it\/pl\/opiekunowie-niewidzialne-filary-naszego-spoleczenstwa\/\",\"name\":\"Opiekunowie: niewidzialne filary naszego spo\u0142ecze\u0144stwa - Farmoderm.it\",\"isPartOf\":{\"@id\":\"https:\/\/farmoderm.it\/pl\/#website\"},\"primaryImageOfPage\":{\"@id\":\"https:\/\/farmoderm.it\/pl\/opiekunowie-niewidzialne-filary-naszego-spoleczenstwa\/#primaryimage\"},\"image\":{\"@id\":\"https:\/\/farmoderm.it\/pl\/opiekunowie-niewidzialne-filary-naszego-spoleczenstwa\/#primaryimage\"},\"thumbnailUrl\":\"https:\/\/old.farmoderm.it\/wp-content\/uploads\/2024\/04\/Screenshot-2024-04-29-111820.png\",\"datePublished\":\"2026-01-20T10:34:22+00:00\",\"author\":{\"@id\":\"https:\/\/farmoderm.it\/pl\/#\/schema\/person\/5cd49204ef037839a6f9ddae54ef67d2\"},\"breadcrumb\":{\"@id\":\"https:\/\/farmoderm.it\/pl\/opiekunowie-niewidzialne-filary-naszego-spoleczenstwa\/#breadcrumb\"},\"inLanguage\":\"pl-PL\",\"potentialAction\":[{\"@type\":\"ReadAction\",\"target\":[\"https:\/\/farmoderm.it\/pl\/opiekunowie-niewidzialne-filary-naszego-spoleczenstwa\/\"]}]},{\"@type\":\"ImageObject\",\"inLanguage\":\"pl-PL\",\"@id\":\"https:\/\/farmoderm.it\/pl\/opiekunowie-niewidzialne-filary-naszego-spoleczenstwa\/#primaryimage\",\"url\":\"https:\/\/old.farmoderm.it\/wp-content\/uploads\/2024\/04\/Screenshot-2024-04-29-111820.png\",\"contentUrl\":\"https:\/\/old.farmoderm.it\/wp-content\/uploads\/2024\/04\/Screenshot-2024-04-29-111820.png\"},{\"@type\":\"BreadcrumbList\",\"@id\":\"https:\/\/farmoderm.it\/pl\/opiekunowie-niewidzialne-filary-naszego-spoleczenstwa\/#breadcrumb\",\"itemListElement\":[{\"@type\":\"ListItem\",\"position\":1,\"name\":\"Home\",\"item\":\"https:\/\/farmoderm.it\/pl\/strona-glowna\/\"},{\"@type\":\"ListItem\",\"position\":2,\"name\":\"Opiekunowie: niewidzialne filary naszego spo\u0142ecze\u0144stwa\"}]},{\"@type\":\"WebSite\",\"@id\":\"https:\/\/farmoderm.it\/pl\/#website\",\"url\":\"https:\/\/farmoderm.it\/pl\/\",\"name\":\"Farmoderm.it\",\"description\":\"\",\"potentialAction\":[{\"@type\":\"SearchAction\",\"target\":{\"@type\":\"EntryPoint\",\"urlTemplate\":\"https:\/\/farmoderm.it\/pl\/?s={search_term_string}\"},\"query-input\":{\"@type\":\"PropertyValueSpecification\",\"valueRequired\":true,\"valueName\":\"search_term_string\"}}],\"inLanguage\":\"pl-PL\"},{\"@type\":\"Person\",\"@id\":\"https:\/\/farmoderm.it\/pl\/#\/schema\/person\/5cd49204ef037839a6f9ddae54ef67d2\",\"name\":\"m.polastri\",\"image\":{\"@type\":\"ImageObject\",\"inLanguage\":\"pl-PL\",\"@id\":\"https:\/\/farmoderm.it\/pl\/#\/schema\/person\/image\/\",\"url\":\"https:\/\/secure.gravatar.com\/avatar\/f93affaca0f09482724ddae484663a4f3c4ca1739f622706b2393e103eca6392?s=96&d=mm&r=g\",\"contentUrl\":\"https:\/\/secure.gravatar.com\/avatar\/f93affaca0f09482724ddae484663a4f3c4ca1739f622706b2393e103eca6392?s=96&d=mm&r=g\",\"caption\":\"m.polastri\"},\"url\":\"https:\/\/farmoderm.it\/pl\/author\/m-polastri\/\"}]}<\/script>\n<!-- \/ Yoast SEO plugin. -->","yoast_head_json":{"title":"Opiekunowie: niewidzialne filary naszego spo\u0142ecze\u0144stwa - Farmoderm.it","robots":{"index":"index","follow":"follow","max-snippet":"max-snippet:-1","max-image-preview":"max-image-preview:large","max-video-preview":"max-video-preview:-1"},"canonical":"https:\/\/farmoderm.it\/pl\/opiekunowie-niewidzialne-filary-naszego-spoleczenstwa\/","og_locale":"pl_PL","og_type":"article","og_title":"Opiekunowie: niewidzialne filary naszego spo\u0142ecze\u0144stwa - Farmoderm.it","og_description":"Bycie opiekunem to misja mi\u0142o\u015bci, kt\u00f3ra wspiera ca\u0142e spo\u0142ecze\u0144stwo, ale jest to \u015bcie\u017cka, kt\u00f3rej nie nale\u017cy podejmowa\u0107 w pojedynk\u0119. W tym przewodniku Farmoderm bada, kim s\u0105 opiekunowie, wyzwania emocjonalne, takie jak wypalenie zawodowe, oraz praktyczne strategie r\u00f3wnowa\u017cenia opieki i \u017cycia prywatnego, oferuj\u0105c zasoby i rozwi\u0105zania, kt\u00f3re wzmacniaj\u0105 tych, kt\u00f3rzy codziennie opiekuj\u0105 si\u0119 innymi.. Indeks: Kim [&hellip;]","og_url":"https:\/\/farmoderm.it\/pl\/opiekunowie-niewidzialne-filary-naszego-spoleczenstwa\/","og_site_name":"Farmoderm.it","article_published_time":"2026-01-20T10:34:22+00:00","og_image":[{"url":"https:\/\/old.farmoderm.it\/wp-content\/uploads\/2024\/04\/Screenshot-2024-04-29-111820.png","type":"","width":"","height":""}],"author":"m.polastri","twitter_card":"summary_large_image","twitter_misc":{"Napisane przez":"m.polastri","Szacowany czas czytania":"31 minut"},"schema":{"@context":"https:\/\/schema.org","@graph":[{"@type":"Article","@id":"https:\/\/farmoderm.it\/pl\/opiekunowie-niewidzialne-filary-naszego-spoleczenstwa\/#article","isPartOf":{"@id":"https:\/\/farmoderm.it\/pl\/opiekunowie-niewidzialne-filary-naszego-spoleczenstwa\/"},"author":{"name":"m.polastri","@id":"https:\/\/farmoderm.it\/pl\/#\/schema\/person\/5cd49204ef037839a6f9ddae54ef67d2"},"headline":"Opiekunowie: niewidzialne filary naszego spo\u0142ecze\u0144stwa","datePublished":"2026-01-20T10:34:22+00:00","mainEntityOfPage":{"@id":"https:\/\/farmoderm.it\/pl\/opiekunowie-niewidzialne-filary-naszego-spoleczenstwa\/"},"wordCount":6186,"image":{"@id":"https:\/\/farmoderm.it\/pl\/opiekunowie-niewidzialne-filary-naszego-spoleczenstwa\/#primaryimage"},"thumbnailUrl":"https:\/\/old.farmoderm.it\/wp-content\/uploads\/2024\/04\/Screenshot-2024-04-29-111820.png","articleSection":["Opieka nad osobami starszymi","Wskaz\u00f3wki i porady"],"inLanguage":"pl-PL"},{"@type":"WebPage","@id":"https:\/\/farmoderm.it\/pl\/opiekunowie-niewidzialne-filary-naszego-spoleczenstwa\/","url":"https:\/\/farmoderm.it\/pl\/opiekunowie-niewidzialne-filary-naszego-spoleczenstwa\/","name":"Opiekunowie: niewidzialne filary naszego spo\u0142ecze\u0144stwa - Farmoderm.it","isPartOf":{"@id":"https:\/\/farmoderm.it\/pl\/#website"},"primaryImageOfPage":{"@id":"https:\/\/farmoderm.it\/pl\/opiekunowie-niewidzialne-filary-naszego-spoleczenstwa\/#primaryimage"},"image":{"@id":"https:\/\/farmoderm.it\/pl\/opiekunowie-niewidzialne-filary-naszego-spoleczenstwa\/#primaryimage"},"thumbnailUrl":"https:\/\/old.farmoderm.it\/wp-content\/uploads\/2024\/04\/Screenshot-2024-04-29-111820.png","datePublished":"2026-01-20T10:34:22+00:00","author":{"@id":"https:\/\/farmoderm.it\/pl\/#\/schema\/person\/5cd49204ef037839a6f9ddae54ef67d2"},"breadcrumb":{"@id":"https:\/\/farmoderm.it\/pl\/opiekunowie-niewidzialne-filary-naszego-spoleczenstwa\/#breadcrumb"},"inLanguage":"pl-PL","potentialAction":[{"@type":"ReadAction","target":["https:\/\/farmoderm.it\/pl\/opiekunowie-niewidzialne-filary-naszego-spoleczenstwa\/"]}]},{"@type":"ImageObject","inLanguage":"pl-PL","@id":"https:\/\/farmoderm.it\/pl\/opiekunowie-niewidzialne-filary-naszego-spoleczenstwa\/#primaryimage","url":"https:\/\/old.farmoderm.it\/wp-content\/uploads\/2024\/04\/Screenshot-2024-04-29-111820.png","contentUrl":"https:\/\/old.farmoderm.it\/wp-content\/uploads\/2024\/04\/Screenshot-2024-04-29-111820.png"},{"@type":"BreadcrumbList","@id":"https:\/\/farmoderm.it\/pl\/opiekunowie-niewidzialne-filary-naszego-spoleczenstwa\/#breadcrumb","itemListElement":[{"@type":"ListItem","position":1,"name":"Home","item":"https:\/\/farmoderm.it\/pl\/strona-glowna\/"},{"@type":"ListItem","position":2,"name":"Opiekunowie: niewidzialne filary naszego spo\u0142ecze\u0144stwa"}]},{"@type":"WebSite","@id":"https:\/\/farmoderm.it\/pl\/#website","url":"https:\/\/farmoderm.it\/pl\/","name":"Farmoderm.it","description":"","potentialAction":[{"@type":"SearchAction","target":{"@type":"EntryPoint","urlTemplate":"https:\/\/farmoderm.it\/pl\/?s={search_term_string}"},"query-input":{"@type":"PropertyValueSpecification","valueRequired":true,"valueName":"search_term_string"}}],"inLanguage":"pl-PL"},{"@type":"Person","@id":"https:\/\/farmoderm.it\/pl\/#\/schema\/person\/5cd49204ef037839a6f9ddae54ef67d2","name":"m.polastri","image":{"@type":"ImageObject","inLanguage":"pl-PL","@id":"https:\/\/farmoderm.it\/pl\/#\/schema\/person\/image\/","url":"https:\/\/secure.gravatar.com\/avatar\/f93affaca0f09482724ddae484663a4f3c4ca1739f622706b2393e103eca6392?s=96&d=mm&r=g","contentUrl":"https:\/\/secure.gravatar.com\/avatar\/f93affaca0f09482724ddae484663a4f3c4ca1739f622706b2393e103eca6392?s=96&d=mm&r=g","caption":"m.polastri"},"url":"https:\/\/farmoderm.it\/pl\/author\/m-polastri\/"}]}},"_links":{"self":[{"href":"https:\/\/farmoderm.it\/pl\/wp-json\/wp\/v2\/posts\/6845","targetHints":{"allow":["GET"]}}],"collection":[{"href":"https:\/\/farmoderm.it\/pl\/wp-json\/wp\/v2\/posts"}],"about":[{"href":"https:\/\/farmoderm.it\/pl\/wp-json\/wp\/v2\/types\/post"}],"author":[{"embeddable":true,"href":"https:\/\/farmoderm.it\/pl\/wp-json\/wp\/v2\/users\/3"}],"replies":[{"embeddable":true,"href":"https:\/\/farmoderm.it\/pl\/wp-json\/wp\/v2\/comments?post=6845"}],"version-history":[{"count":0,"href":"https:\/\/farmoderm.it\/pl\/wp-json\/wp\/v2\/posts\/6845\/revisions"}],"wp:attachment":[{"href":"https:\/\/farmoderm.it\/pl\/wp-json\/wp\/v2\/media?parent=6845"}],"wp:term":[{"taxonomy":"category","embeddable":true,"href":"https:\/\/farmoderm.it\/pl\/wp-json\/wp\/v2\/categories?post=6845"},{"taxonomy":"post_tag","embeddable":true,"href":"https:\/\/farmoderm.it\/pl\/wp-json\/wp\/v2\/tags?post=6845"}],"curies":[{"name":"wp","href":"https:\/\/api.w.org\/{rel}","templated":true}]}}